
{"id":35589,"date":"2014-03-30T19:49:15","date_gmt":"2014-03-30T22:49:15","guid":{"rendered":"http:\/\/www.sudoestehoje.com.br\/novoportal\/?p=35589"},"modified":"2014-03-30T19:49:15","modified_gmt":"2014-03-30T22:49:15","slug":"sandro-regis-emite-mocao-que-ratifica-importancia-do-cacau","status":"publish","type":"post","link":"https:\/\/www.sudoestehoje.com.br\/novoportal\/2014\/03\/30\/sandro-regis-emite-mocao-que-ratifica-importancia-do-cacau\/","title":{"rendered":"SANDRO REGIS EMITE MO\u00c7\u00c3O QUE RATIFICA IMPORT\u00c2NCIA DO CACAU"},"content":{"rendered":"<div><a href=\"http:\/\/www.sudoestehoje.com.br\/novoportal\/wp-content\/uploads\/2014\/03\/cacau21.jpg\"><img decoding=\"async\" class=\"aligncenter  wp-image-35591\" alt=\"cacau2\" src=\"http:\/\/www.sudoestehoje.com.br\/novoportal\/wp-content\/uploads\/2014\/03\/cacau21.jpg\" width=\"450\" \/><\/a><\/div>\n<div id=\"yiv8754575584ecxtexto\">Nesta quarta (26) foi comemorado o Dia Nacional do Cacau, fruto mais conhecido por dar origem ao chocolate. O Brasil \u00e9 o principal produtor de cacau e sabendo dessa import\u00e2ncia, o deputado estadual, Sandro R\u00e9gis (DEM), consignou, na ata de trabalhos do dia, uma Mo\u00e7\u00e3o de Aplausos, como forma de homenagem a este dia t\u00e3o importante.\u00a0<br clear=\"none\" \/><br clear=\"none\" \/>&#8220;Apesar dos maus tratos seguidos e continuados pelo Governo Federal e Estadual, contra essa importante e hist\u00f3rica lavoura, ainda vale apena se reverenciar essa data t\u00e3o importante&#8221;, afirma o deputado. Ele faz um alerta ainda, para os descumprimentos do governo na reintegra\u00e7\u00e3o de posse, &#8220;nos dando a certeza de que uma poss\u00edvel faixa de gaza est\u00e1 se instaurando na regi\u00e3o baiana&#8221;.\u00a0<br clear=\"none\" \/><br clear=\"none\" \/>O deputado solicitou que a Mo\u00e7\u00e3o fosse encaminhada \u00e0s secretarias, federa\u00e7\u00f5es, universidades, institui\u00e7\u00f5es entre outros \u00f3rg\u00e3os, no intuito de conscientizar e ratificar os baianos sobre a import\u00e2ncia do cacau. Ascom Sandro R\u00e9gis (DEM)<\/div>\n","protected":false},"excerpt":{"rendered":"<p>Nesta quarta (26) foi comemorado o Dia Nacional do Cacau, fruto mais conhecido por dar origem ao chocolate. O Brasil \u00e9 o principal produtor de cacau e sabendo dessa import\u00e2ncia, o deputado estadual, Sandro R\u00e9gis (DEM), consignou, na ata de trabalhos do dia, uma Mo\u00e7\u00e3o de Aplausos, como forma de homenagem a este dia t\u00e3o [&hellip;]<\/p>\n","protected":false},"author":2,"featured_media":0,"comment_status":"open","ping_status":"open","sticky":false,"template":"","format":"standard","meta":{"footnotes":"","_links_to":"","_links_to_target":""},"categories":[1],"tags":[],"class_list":["post-35589","post","type-post","status-publish","format-standard","hentry","category-geral"],"views":1572,"_links":{"self":[{"href":"https:\/\/www.sudoestehoje.com.br\/novoportal\/wp-json\/wp\/v2\/posts\/35589","targetHints":{"allow":["GET"]}}],"collection":[{"href":"https:\/\/www.sudoestehoje.com.br\/novoportal\/wp-json\/wp\/v2\/posts"}],"about":[{"href":"https:\/\/www.sudoestehoje.com.br\/novoportal\/wp-json\/wp\/v2\/types\/post"}],"author":[{"embeddable":true,"href":"https:\/\/www.sudoestehoje.com.br\/novoportal\/wp-json\/wp\/v2\/users\/2"}],"replies":[{"embeddable":true,"href":"https:\/\/www.sudoestehoje.com.br\/novoportal\/wp-json\/wp\/v2\/comments?post=35589"}],"version-history":[{"count":1,"href":"https:\/\/www.sudoestehoje.com.br\/novoportal\/wp-json\/wp\/v2\/posts\/35589\/revisions"}],"predecessor-version":[{"id":35592,"href":"https:\/\/www.sudoestehoje.com.br\/novoportal\/wp-json\/wp\/v2\/posts\/35589\/revisions\/35592"}],"wp:attachment":[{"href":"https:\/\/www.sudoestehoje.com.br\/novoportal\/wp-json\/wp\/v2\/media?parent=35589"}],"wp:term":[{"taxonomy":"category","embeddable":true,"href":"https:\/\/www.sudoestehoje.com.br\/novoportal\/wp-json\/wp\/v2\/categories?post=35589"},{"taxonomy":"post_tag","embeddable":true,"href":"https:\/\/www.sudoestehoje.com.br\/novoportal\/wp-json\/wp\/v2\/tags?post=35589"}],"curies":[{"name":"wp","href":"https:\/\/api.w.org\/{rel}","templated":true}]}}