
{"id":35586,"date":"2014-03-30T19:19:04","date_gmt":"2014-03-30T22:19:04","guid":{"rendered":"http:\/\/www.sudoestehoje.com.br\/novoportal\/?p=35586"},"modified":"2014-03-30T19:19:04","modified_gmt":"2014-03-30T22:19:04","slug":"depois-de-ato-falho-de-acm-neto-geddel-busca-apoio-dos-nanicos","status":"publish","type":"post","link":"https:\/\/www.sudoestehoje.com.br\/novoportal\/2014\/03\/30\/depois-de-ato-falho-de-acm-neto-geddel-busca-apoio-dos-nanicos\/","title":{"rendered":"DEPOIS DE &#8220;ATO FALHO&#8221; DE ACM NETO, GEDDEL BUSCA APOIO DOS &#8220;NANICOS&#8221;"},"content":{"rendered":"<p style=\"text-align: center;\"><a href=\"http:\/\/www.sudoestehoje.com.br\/novoportal\/wp-content\/uploads\/2014\/03\/GEDDEL-NANICOS.jpg\"><img decoding=\"async\" class=\"aligncenter  wp-image-35587\" alt=\"GEDDEL NANICOS\" src=\"http:\/\/www.sudoestehoje.com.br\/novoportal\/wp-content\/uploads\/2014\/03\/GEDDEL-NANICOS.jpg\" width=\"450\" \/><\/a><\/p>\n<p>O presidente do PMDB baiano, Geddel Vieira Lima, participou neste s\u00e1bado (29) de um evento com deputados estaduais e federais, prefeitos, vereadores e lideran\u00e7as pol\u00edticas de oito partidos, no Centro de Conven\u00e7\u00f5es da Bahia, ap\u00f3s acompanhar o prefeito de Salvador, ACM Neto, a uma inaugura\u00e7\u00e3o no bairro de \u00c1guas Claras.\u00a0Em seu discurso aos chamados \u201cnanicos\u201d, o peemedebista afirmou que quer ser governador, al\u00e9m de se dizer pronto do ponto de vista pol\u00edtico e maduro do ponto de vista gerencial.<\/p>\n<p>Estiveram presentes \u00e0 coliga\u00e7\u00e3o da Frente Partid\u00e1ria Jorge Aleluia representantes do PRP, Ailton Lordelo, do PTdoB, Dilma Gramacho, do PSDC, Ant\u00f4nio Albino Leal, do PPS, Joceval Rodrigues, al\u00e9m dos partidos aliados: PEN, Uezer Marques, PTC, Rivailton Pinto, PMN, Ant\u00f4nio Carlos Bosvo e, PPL, juntamente com o presidente do PSC nacional, Pastor Everaldo.<\/p>\n<p>Um dia antes, ACM Neto anunciou, em um &#8220;ato falho&#8221;, um representante do &#8220;governador Paulo Souto&#8221;, em vez de Jaques Wagner.\u00a0Ainda em janeiro deste ano, Geddel j\u00e1 negociava com os &#8220;nanicos&#8221;\u00a0para elevar seu passe e ser escolhido candidato \u00fanico das oposi\u00e7\u00f5es ao governo da Bahia, posto disputado com Souto.<\/p>\n","protected":false},"excerpt":{"rendered":"<p>O presidente do PMDB baiano, Geddel Vieira Lima, participou neste s\u00e1bado (29) de um evento com deputados estaduais e federais, prefeitos, vereadores e lideran\u00e7as pol\u00edticas de oito partidos, no Centro de Conven\u00e7\u00f5es da Bahia, ap\u00f3s acompanhar o prefeito de Salvador, ACM Neto, a uma inaugura\u00e7\u00e3o no bairro de \u00c1guas Claras.\u00a0Em seu discurso aos chamados \u201cnanicos\u201d, [&hellip;]<\/p>\n","protected":false},"author":2,"featured_media":0,"comment_status":"open","ping_status":"open","sticky":false,"template":"","format":"standard","meta":{"footnotes":"","_links_to":"","_links_to_target":""},"categories":[1],"tags":[],"class_list":["post-35586","post","type-post","status-publish","format-standard","hentry","category-geral"],"views":1519,"_links":{"self":[{"href":"https:\/\/www.sudoestehoje.com.br\/novoportal\/wp-json\/wp\/v2\/posts\/35586","targetHints":{"allow":["GET"]}}],"collection":[{"href":"https:\/\/www.sudoestehoje.com.br\/novoportal\/wp-json\/wp\/v2\/posts"}],"about":[{"href":"https:\/\/www.sudoestehoje.com.br\/novoportal\/wp-json\/wp\/v2\/types\/post"}],"author":[{"embeddable":true,"href":"https:\/\/www.sudoestehoje.com.br\/novoportal\/wp-json\/wp\/v2\/users\/2"}],"replies":[{"embeddable":true,"href":"https:\/\/www.sudoestehoje.com.br\/novoportal\/wp-json\/wp\/v2\/comments?post=35586"}],"version-history":[{"count":1,"href":"https:\/\/www.sudoestehoje.com.br\/novoportal\/wp-json\/wp\/v2\/posts\/35586\/revisions"}],"predecessor-version":[{"id":35588,"href":"https:\/\/www.sudoestehoje.com.br\/novoportal\/wp-json\/wp\/v2\/posts\/35586\/revisions\/35588"}],"wp:attachment":[{"href":"https:\/\/www.sudoestehoje.com.br\/novoportal\/wp-json\/wp\/v2\/media?parent=35586"}],"wp:term":[{"taxonomy":"category","embeddable":true,"href":"https:\/\/www.sudoestehoje.com.br\/novoportal\/wp-json\/wp\/v2\/categories?post=35586"},{"taxonomy":"post_tag","embeddable":true,"href":"https:\/\/www.sudoestehoje.com.br\/novoportal\/wp-json\/wp\/v2\/tags?post=35586"}],"curies":[{"name":"wp","href":"https:\/\/api.w.org\/{rel}","templated":true}]}}