
{"id":35584,"date":"2014-03-30T19:03:07","date_gmt":"2014-03-30T22:03:07","guid":{"rendered":"http:\/\/www.sudoestehoje.com.br\/novoportal\/?p=35584"},"modified":"2014-03-30T19:03:07","modified_gmt":"2014-03-30T22:03:07","slug":"otto-alencar-e-exonerado-da-seinfra-para-disputar-o-senado-2","status":"publish","type":"post","link":"https:\/\/www.sudoestehoje.com.br\/novoportal\/2014\/03\/30\/otto-alencar-e-exonerado-da-seinfra-para-disputar-o-senado-2\/","title":{"rendered":"OTTO ALENCAR \u00c9 EXONERADO DA SEINFRA PARA DISPUTAR O SENADO"},"content":{"rendered":"<div id=\"attachment_35582\" style=\"width: 460px\" class=\"wp-caption aligncenter\"><a href=\"http:\/\/www.sudoestehoje.com.br\/novoportal\/wp-content\/uploads\/2014\/03\/OTTO.jpg\"><img decoding=\"async\" aria-describedby=\"caption-attachment-35582\" class=\" wp-image-35582 \" alt=\"Otto Alencar em Itapetinga, ao lado do vereador Alfredo Cabral a do empres\u00e1rio Marcos Galv\u00e3o.\" src=\"http:\/\/www.sudoestehoje.com.br\/novoportal\/wp-content\/uploads\/2014\/03\/OTTO.jpg\" width=\"450\" \/><\/a><p id=\"caption-attachment-35582\" class=\"wp-caption-text\">Otto Alencar em Itapetinga, ao lado do vereador Alfredo Cabral (PSD) e de Marcos Galv\u00e3o (PT).<\/p><\/div>\n<p>Candidato a uma vaga no Senado, o vice-governador Otto Alencar foi exonerado do cargo de secret\u00e1rio estadual de Infraestrutura, conforme publica\u00e7\u00e3o no Di\u00e1rio Oficial deste s\u00e1bado (29). Otto tamb\u00e9m foi exonerado de conselhos e comit\u00eas dos quais fazia parte, como representante da Seinfra.\u00a0A nomea\u00e7\u00e3o de\u00a0<a href=\"http:\/\/www.bahianoticias.com.br\/noticia\/149430-otto-anuncia-seu-substituto-na-seinfra-o-atual-subsecretario-marcos-cavalcanti.html\" target=\"_blank\">seu substituto<\/a>\u00a0\u00e0 frente da pasta, Marcus Cavalcanti, foi publicada na mesma edi\u00e7\u00e3o do Di\u00e1rio.<\/p>\n<p>J\u00e1 o candidato petista ao governo, Rui Costa, foi exonerado de diversos conselhos, comit\u00eas, comiss\u00f5es e grupos dos quais era integrante, na condi\u00e7\u00e3o de representante da Casa Civil. A exonera\u00e7\u00e3o de Rui do cargo de secret\u00e1rio da Casa Civil, contudo, ainda n\u00e3o foi publicada.<\/p>\n<p>Em evento na \u00faltima quinta-feira (27), Rui anunciou que seu \u00faltimo dia de trabalho \u00e0 frente da pasta seria esta segunda (31). O petista retomar\u00e1 seu mandato de deputado federal.<\/p>\n","protected":false},"excerpt":{"rendered":"<p>Candidato a uma vaga no Senado, o vice-governador Otto Alencar foi exonerado do cargo de secret\u00e1rio estadual de Infraestrutura, conforme publica\u00e7\u00e3o no Di\u00e1rio Oficial deste s\u00e1bado (29). Otto tamb\u00e9m foi exonerado de conselhos e comit\u00eas dos quais fazia parte, como representante da Seinfra.\u00a0A nomea\u00e7\u00e3o de\u00a0seu substituto\u00a0\u00e0 frente da pasta, Marcus Cavalcanti, foi publicada na mesma [&hellip;]<\/p>\n","protected":false},"author":2,"featured_media":0,"comment_status":"open","ping_status":"open","sticky":false,"template":"","format":"standard","meta":{"footnotes":"","_links_to":"","_links_to_target":""},"categories":[1],"tags":[],"class_list":["post-35584","post","type-post","status-publish","format-standard","hentry","category-geral"],"views":1407,"_links":{"self":[{"href":"https:\/\/www.sudoestehoje.com.br\/novoportal\/wp-json\/wp\/v2\/posts\/35584","targetHints":{"allow":["GET"]}}],"collection":[{"href":"https:\/\/www.sudoestehoje.com.br\/novoportal\/wp-json\/wp\/v2\/posts"}],"about":[{"href":"https:\/\/www.sudoestehoje.com.br\/novoportal\/wp-json\/wp\/v2\/types\/post"}],"author":[{"embeddable":true,"href":"https:\/\/www.sudoestehoje.com.br\/novoportal\/wp-json\/wp\/v2\/users\/2"}],"replies":[{"embeddable":true,"href":"https:\/\/www.sudoestehoje.com.br\/novoportal\/wp-json\/wp\/v2\/comments?post=35584"}],"version-history":[{"count":1,"href":"https:\/\/www.sudoestehoje.com.br\/novoportal\/wp-json\/wp\/v2\/posts\/35584\/revisions"}],"predecessor-version":[{"id":35585,"href":"https:\/\/www.sudoestehoje.com.br\/novoportal\/wp-json\/wp\/v2\/posts\/35584\/revisions\/35585"}],"wp:attachment":[{"href":"https:\/\/www.sudoestehoje.com.br\/novoportal\/wp-json\/wp\/v2\/media?parent=35584"}],"wp:term":[{"taxonomy":"category","embeddable":true,"href":"https:\/\/www.sudoestehoje.com.br\/novoportal\/wp-json\/wp\/v2\/categories?post=35584"},{"taxonomy":"post_tag","embeddable":true,"href":"https:\/\/www.sudoestehoje.com.br\/novoportal\/wp-json\/wp\/v2\/tags?post=35584"}],"curies":[{"name":"wp","href":"https:\/\/api.w.org\/{rel}","templated":true}]}}