
{"id":35578,"date":"2014-03-29T19:29:04","date_gmt":"2014-03-29T22:29:04","guid":{"rendered":"http:\/\/www.sudoestehoje.com.br\/novoportal\/?p=35578"},"modified":"2014-03-29T19:29:04","modified_gmt":"2014-03-29T22:29:04","slug":"nova-creche-de-itarantim-esta-em-fase-final-de-construcao","status":"publish","type":"post","link":"https:\/\/www.sudoestehoje.com.br\/novoportal\/2014\/03\/29\/nova-creche-de-itarantim-esta-em-fase-final-de-construcao\/","title":{"rendered":"NOVA CRECHE DE ITARANTIM EST\u00c1 EM FASE FINAL DE CONSTRU\u00c7\u00c3O"},"content":{"rendered":"<p><img decoding=\"async\" class=\"aligncenter\" alt=\"\" src=\"https:\/\/fbcdn-sphotos-e-a.akamaihd.net\/hphotos-ak-frc3\/t1.0-9\/1509015_606383016119770_1207603160_n.jpg\" width=\"500\" \/><\/p>\n<p>Iniciada na \u00faltima segunda-feira (24), a constru\u00e7\u00e3o do muro da nova creche est\u00e1 sendo tocada pelos pedreiros e servidores da secretaria de obra do munic\u00edpio. A obra \u00e9 uma contrapartida da prefeitura ao projeto de constru\u00e7\u00e3o da creche, realizada atrav\u00e9s de conv\u00eanio entre o o munic\u00edpio e o Minist\u00e9rio da Educa\u00e7\u00e3o. De acordo com o prefeito Dr. Paulo Fernandes, est\u00e1 sendo feito um grande esfor\u00e7o, para que a constru\u00e7\u00e3o do muro seja conclu\u00edda at\u00e9 o final de abril.<\/p>\n<p><img decoding=\"async\" class=\"aligncenter\" alt=\"\" src=\"https:\/\/scontent-b-mia.xx.fbcdn.net\/hphotos-frc3\/t1.0-9\/10001291_606382779453127_57220606_n.jpg\" width=\"500\" \/><\/p>\n<p>O Governo Federal liberou os recursos para aquisi\u00e7\u00e3o dos mobili\u00e1rios da creche no m\u00eas de novembro, e a prefeitura confirma que foram adquiridos em dezembro. A nova creche tem capacidade para funcionar com sessenta alunos, em turno integral, e atender\u00e1 a demanda da fase inicial da educa\u00e7\u00e3o infantil.<\/p>\n<p><i>\u201cO trabalho do Dr. Paulo \u00e9 imbat\u00edvel. At\u00e9 hoje Itarantim s\u00f3 teve prefeito pra rico, mais agora n\u00f3s, o povo sofredor, temos um prefeito de verdade, e que Deus d\u00ea muitos anos de vida a ele, para trabalhar por n\u00f3s&#8221;<\/i>, disse uma moradora do munic\u00edpio, satisfeita com o trabalho do prefeito Paulo Fernandes. Informa\u00e7\u00f5es do Itarantim Agora<\/p>\n","protected":false},"excerpt":{"rendered":"<p>Iniciada na \u00faltima segunda-feira (24), a constru\u00e7\u00e3o do muro da nova creche est\u00e1 sendo tocada pelos pedreiros e servidores da secretaria de obra do munic\u00edpio. A obra \u00e9 uma contrapartida da prefeitura ao projeto de constru\u00e7\u00e3o da creche, realizada atrav\u00e9s de conv\u00eanio entre o o munic\u00edpio e o Minist\u00e9rio da Educa\u00e7\u00e3o. De acordo com o [&hellip;]<\/p>\n","protected":false},"author":2,"featured_media":0,"comment_status":"open","ping_status":"open","sticky":false,"template":"","format":"standard","meta":{"footnotes":"","_links_to":"","_links_to_target":""},"categories":[1],"tags":[],"class_list":["post-35578","post","type-post","status-publish","format-standard","hentry","category-geral"],"views":1599,"_links":{"self":[{"href":"https:\/\/www.sudoestehoje.com.br\/novoportal\/wp-json\/wp\/v2\/posts\/35578","targetHints":{"allow":["GET"]}}],"collection":[{"href":"https:\/\/www.sudoestehoje.com.br\/novoportal\/wp-json\/wp\/v2\/posts"}],"about":[{"href":"https:\/\/www.sudoestehoje.com.br\/novoportal\/wp-json\/wp\/v2\/types\/post"}],"author":[{"embeddable":true,"href":"https:\/\/www.sudoestehoje.com.br\/novoportal\/wp-json\/wp\/v2\/users\/2"}],"replies":[{"embeddable":true,"href":"https:\/\/www.sudoestehoje.com.br\/novoportal\/wp-json\/wp\/v2\/comments?post=35578"}],"version-history":[{"count":1,"href":"https:\/\/www.sudoestehoje.com.br\/novoportal\/wp-json\/wp\/v2\/posts\/35578\/revisions"}],"predecessor-version":[{"id":35579,"href":"https:\/\/www.sudoestehoje.com.br\/novoportal\/wp-json\/wp\/v2\/posts\/35578\/revisions\/35579"}],"wp:attachment":[{"href":"https:\/\/www.sudoestehoje.com.br\/novoportal\/wp-json\/wp\/v2\/media?parent=35578"}],"wp:term":[{"taxonomy":"category","embeddable":true,"href":"https:\/\/www.sudoestehoje.com.br\/novoportal\/wp-json\/wp\/v2\/categories?post=35578"},{"taxonomy":"post_tag","embeddable":true,"href":"https:\/\/www.sudoestehoje.com.br\/novoportal\/wp-json\/wp\/v2\/tags?post=35578"}],"curies":[{"name":"wp","href":"https:\/\/api.w.org\/{rel}","templated":true}]}}