
{"id":35574,"date":"2014-03-29T18:59:42","date_gmt":"2014-03-29T21:59:42","guid":{"rendered":"http:\/\/www.sudoestehoje.com.br\/novoportal\/?p=35574"},"modified":"2014-03-29T18:59:42","modified_gmt":"2014-03-29T21:59:42","slug":"governo-da-posse-ao-concidadesba","status":"publish","type":"post","link":"https:\/\/www.sudoestehoje.com.br\/novoportal\/2014\/03\/29\/governo-da-posse-ao-concidadesba\/","title":{"rendered":"GOVERNO DA POSSE AO CONCIDADES\/BA"},"content":{"rendered":"<p><a href=\"http:\/\/www.sudoestehoje.com.br\/novoportal\/wp-content\/uploads\/2014\/03\/13452034805_02a5ac2309_c.jpg\"><img loading=\"lazy\" decoding=\"async\" class=\"aligncenter size-medium wp-image-35575\" alt=\"13452034805_02a5ac2309_c\" src=\"http:\/\/www.sudoestehoje.com.br\/novoportal\/wp-content\/uploads\/2014\/03\/13452034805_02a5ac2309_c-500x333.jpg\" width=\"500\" height=\"333\" srcset=\"https:\/\/www.sudoestehoje.com.br\/novoportal\/wp-content\/uploads\/2014\/03\/13452034805_02a5ac2309_c-500x333.jpg 500w, https:\/\/www.sudoestehoje.com.br\/novoportal\/wp-content\/uploads\/2014\/03\/13452034805_02a5ac2309_c-700x467.jpg 700w, https:\/\/www.sudoestehoje.com.br\/novoportal\/wp-content\/uploads\/2014\/03\/13452034805_02a5ac2309_c.jpg 800w\" sizes=\"auto, (max-width: 500px) 100vw, 500px\" \/><\/a><\/p>\n<p><a href=\"http:\/\/www.sedur.ba.gov.br\/nova-gestao-do-conselho-das-cidades-da-bahia-toma-posse-em-salvador\/\">A 3\u00aa Gest\u00e3o do Conselho das Cidades da Bahia,\u00a0eleita na 5\u00aa Confer\u00eancia Estadual das Cidades da Bahia, tomou posse na tarde desta quinta-feira, 27\/03<\/a>, em cerim\u00f4nia no audit\u00f3rio da Uni\u00e3o dos\u00a0Munic\u00edpios da Bahia \u2013 UPB.\u00a0Estiveram presentes o Governador do Estado, Jaques Wagner, o secret\u00e1rio de Desenvolvimento Urbano, Manuel Ribeiro, entre outras autoridades e representantes\u00a0da sociedade civil e dos diversos segmentos que comp\u00f5em o Conselho.<\/p>\n<p><a href=\"http:\/\/www.sudoestehoje.com.br\/novoportal\/wp-content\/uploads\/2014\/03\/13453192134_2e0ba0083f_c.jpg\"><img loading=\"lazy\" decoding=\"async\" class=\"aligncenter size-medium wp-image-35576\" alt=\"13453192134_2e0ba0083f_c\" src=\"http:\/\/www.sudoestehoje.com.br\/novoportal\/wp-content\/uploads\/2014\/03\/13453192134_2e0ba0083f_c-500x333.jpg\" width=\"500\" height=\"333\" srcset=\"https:\/\/www.sudoestehoje.com.br\/novoportal\/wp-content\/uploads\/2014\/03\/13453192134_2e0ba0083f_c-500x333.jpg 500w, https:\/\/www.sudoestehoje.com.br\/novoportal\/wp-content\/uploads\/2014\/03\/13453192134_2e0ba0083f_c-700x467.jpg 700w, https:\/\/www.sudoestehoje.com.br\/novoportal\/wp-content\/uploads\/2014\/03\/13453192134_2e0ba0083f_c.jpg 800w\" sizes=\"auto, (max-width: 500px) 100vw, 500px\" \/><\/a><\/p>\n<p>Criado atrav\u00e9s da Lei n\u00ba 10.704, de 12 de novembro de 2007, e regulamentado pelo Decreto n\u00ba 10.949 de 06 de mar\u00e7o de 2008, o Conselho das Cidades foi uma reivindica\u00e7\u00e3o da 3\u00aa Confer\u00eancia das Cidades, que aconteceu\u00a0em 2007. O ConCidades \u00e9 uma demanda que\u00a0responde \u00e0\u00a0necessidade de integra\u00e7\u00e3o das pol\u00edticas de desenvolvimento urbano \u2013 entre a Uni\u00e3o e o Estado da Bahia \u2013 com as pol\u00edticas sociais, econ\u00f4micas e ambientais. Em nossa regi\u00e3o teremos uma maci\u00e7a representa\u00e7\u00e3o com cerca de cinco conselheiros, de v\u00e1rios seguimentos, sendo eles:<\/p>\n<p>Adriano Silva Santos \u2013 Itapetinga (Sindae)<\/p>\n<p>Andr\u00e9 Dantas \u2013 Itapetinga (Rede Cata Bahia)<\/p>\n<p>Irineu Filho \u2013 Itamb\u00e9 (Poder P\u00fablico)<\/p>\n<p>Francisco (Chic\u00e3o) \u2013 Santa Cruz da Vit\u00f3ria (Sindicato)<\/p>\n<p>Ronaldo Santos (Caatiba) \u2013 Poder Publico<\/p>\n<p><strong><em>Ascom<\/em><\/strong><\/p>\n","protected":false},"excerpt":{"rendered":"<p>A 3\u00aa Gest\u00e3o do Conselho das Cidades da Bahia,\u00a0eleita na 5\u00aa Confer\u00eancia Estadual das Cidades da Bahia, tomou posse na tarde desta quinta-feira, 27\/03, em cerim\u00f4nia no audit\u00f3rio da Uni\u00e3o dos\u00a0Munic\u00edpios da Bahia \u2013 UPB.\u00a0Estiveram presentes o Governador do Estado, Jaques Wagner, o secret\u00e1rio de Desenvolvimento Urbano, Manuel Ribeiro, entre outras autoridades e representantes\u00a0da sociedade [&hellip;]<\/p>\n","protected":false},"author":2,"featured_media":0,"comment_status":"open","ping_status":"open","sticky":false,"template":"","format":"standard","meta":{"footnotes":"","_links_to":"","_links_to_target":""},"categories":[1],"tags":[],"class_list":["post-35574","post","type-post","status-publish","format-standard","hentry","category-geral"],"views":1450,"_links":{"self":[{"href":"https:\/\/www.sudoestehoje.com.br\/novoportal\/wp-json\/wp\/v2\/posts\/35574","targetHints":{"allow":["GET"]}}],"collection":[{"href":"https:\/\/www.sudoestehoje.com.br\/novoportal\/wp-json\/wp\/v2\/posts"}],"about":[{"href":"https:\/\/www.sudoestehoje.com.br\/novoportal\/wp-json\/wp\/v2\/types\/post"}],"author":[{"embeddable":true,"href":"https:\/\/www.sudoestehoje.com.br\/novoportal\/wp-json\/wp\/v2\/users\/2"}],"replies":[{"embeddable":true,"href":"https:\/\/www.sudoestehoje.com.br\/novoportal\/wp-json\/wp\/v2\/comments?post=35574"}],"version-history":[{"count":1,"href":"https:\/\/www.sudoestehoje.com.br\/novoportal\/wp-json\/wp\/v2\/posts\/35574\/revisions"}],"predecessor-version":[{"id":35577,"href":"https:\/\/www.sudoestehoje.com.br\/novoportal\/wp-json\/wp\/v2\/posts\/35574\/revisions\/35577"}],"wp:attachment":[{"href":"https:\/\/www.sudoestehoje.com.br\/novoportal\/wp-json\/wp\/v2\/media?parent=35574"}],"wp:term":[{"taxonomy":"category","embeddable":true,"href":"https:\/\/www.sudoestehoje.com.br\/novoportal\/wp-json\/wp\/v2\/categories?post=35574"},{"taxonomy":"post_tag","embeddable":true,"href":"https:\/\/www.sudoestehoje.com.br\/novoportal\/wp-json\/wp\/v2\/tags?post=35574"}],"curies":[{"name":"wp","href":"https:\/\/api.w.org\/{rel}","templated":true}]}}