
{"id":35569,"date":"2014-03-29T15:57:08","date_gmt":"2014-03-29T18:57:08","guid":{"rendered":"http:\/\/www.sudoestehoje.com.br\/novoportal\/?p=35569"},"modified":"2014-03-29T16:04:26","modified_gmt":"2014-03-29T19:04:26","slug":"geddel-rompe-com-o-dem-e-anunciara-chapa-com-psc-diz-blog","status":"publish","type":"post","link":"https:\/\/www.sudoestehoje.com.br\/novoportal\/2014\/03\/29\/geddel-rompe-com-o-dem-e-anunciara-chapa-com-psc-diz-blog\/","title":{"rendered":"GEDDEL ROMPE COM O DEM E ANUNCIAR\u00c1 CHAPA COM PSC, DIZ BLOG"},"content":{"rendered":"<p><a href=\"http:\/\/www.sudoestehoje.com.br\/novoportal\/wp-content\/uploads\/2014\/03\/ged.jpg\"><img loading=\"lazy\" decoding=\"async\" class=\"aligncenter size-medium wp-image-35570\" alt=\"ged\" src=\"http:\/\/www.sudoestehoje.com.br\/novoportal\/wp-content\/uploads\/2014\/03\/ged-500x331.jpg\" width=\"500\" height=\"331\" srcset=\"https:\/\/www.sudoestehoje.com.br\/novoportal\/wp-content\/uploads\/2014\/03\/ged-500x331.jpg 500w, https:\/\/www.sudoestehoje.com.br\/novoportal\/wp-content\/uploads\/2014\/03\/ged-700x463.jpg 700w, https:\/\/www.sudoestehoje.com.br\/novoportal\/wp-content\/uploads\/2014\/03\/ged.jpg 800w\" sizes=\"auto, (max-width: 500px) 100vw, 500px\" \/><\/a><\/p>\n<p>O ex-ministro Geddel Vieira Lima (PMDB) atingiu hoje (29) a sua cota de paci\u00eancia com a indefini\u00e7\u00e3o por parte do DEM e do prefeito de Salvador, ACM Neto. Ap\u00f3s esperar uma defini\u00e7\u00e3o para a \u00faltima quinta-feira (27), hoje o peemedebista se reuniu com Eliel Santana (PSC).<\/p>\n<p>De acordo com o\u00a0 bem-informado\u00a0<strong><a href=\"http:\/\/www.chocolatecompolitica.blogspot.com.br\/2014\/03\/geddel-rompe-com-o-dem-e-fecha-com-o-psc.html\" target=\"_blank\">Chocolate com Pol\u00edtica<\/a><\/strong>, Geddel ser\u00e1 candidato ao governo, tendo Eliel como pr\u00e9-candidato ao Senado. O peemedebista tentar\u00e1 formar chapa em que L\u00eddice da Mata apareceria como sua vice. O namoro existe, se dar\u00e1 casamento\u2026 s\u00e3o outros quinhentos.<\/p>\n<p>\u201cPessoa mais pr\u00f3xima a Geddel confidencia que descobriu o tamanho da lideran\u00e7a do cacique do DEM: \u00e9 diretamente proporcional \u00e0 sua pr\u00f3pria estatura\u201d, escreve o\u00a0<em>Chocolate com Pol\u00edtica<\/em>.<\/p>\n","protected":false},"excerpt":{"rendered":"<p>O ex-ministro Geddel Vieira Lima (PMDB) atingiu hoje (29) a sua cota de paci\u00eancia com a indefini\u00e7\u00e3o por parte do DEM e do prefeito de Salvador, ACM Neto. Ap\u00f3s esperar uma defini\u00e7\u00e3o para a \u00faltima quinta-feira (27), hoje o peemedebista se reuniu com Eliel Santana (PSC). De acordo com o\u00a0 bem-informado\u00a0Chocolate com Pol\u00edtica, Geddel ser\u00e1 [&hellip;]<\/p>\n","protected":false},"author":2,"featured_media":0,"comment_status":"open","ping_status":"open","sticky":false,"template":"","format":"standard","meta":{"footnotes":"","_links_to":"","_links_to_target":""},"categories":[1],"tags":[],"class_list":["post-35569","post","type-post","status-publish","format-standard","hentry","category-geral"],"views":1847,"_links":{"self":[{"href":"https:\/\/www.sudoestehoje.com.br\/novoportal\/wp-json\/wp\/v2\/posts\/35569","targetHints":{"allow":["GET"]}}],"collection":[{"href":"https:\/\/www.sudoestehoje.com.br\/novoportal\/wp-json\/wp\/v2\/posts"}],"about":[{"href":"https:\/\/www.sudoestehoje.com.br\/novoportal\/wp-json\/wp\/v2\/types\/post"}],"author":[{"embeddable":true,"href":"https:\/\/www.sudoestehoje.com.br\/novoportal\/wp-json\/wp\/v2\/users\/2"}],"replies":[{"embeddable":true,"href":"https:\/\/www.sudoestehoje.com.br\/novoportal\/wp-json\/wp\/v2\/comments?post=35569"}],"version-history":[{"count":3,"href":"https:\/\/www.sudoestehoje.com.br\/novoportal\/wp-json\/wp\/v2\/posts\/35569\/revisions"}],"predecessor-version":[{"id":35573,"href":"https:\/\/www.sudoestehoje.com.br\/novoportal\/wp-json\/wp\/v2\/posts\/35569\/revisions\/35573"}],"wp:attachment":[{"href":"https:\/\/www.sudoestehoje.com.br\/novoportal\/wp-json\/wp\/v2\/media?parent=35569"}],"wp:term":[{"taxonomy":"category","embeddable":true,"href":"https:\/\/www.sudoestehoje.com.br\/novoportal\/wp-json\/wp\/v2\/categories?post=35569"},{"taxonomy":"post_tag","embeddable":true,"href":"https:\/\/www.sudoestehoje.com.br\/novoportal\/wp-json\/wp\/v2\/tags?post=35569"}],"curies":[{"name":"wp","href":"https:\/\/api.w.org\/{rel}","templated":true}]}}