
{"id":35560,"date":"2014-03-29T11:24:54","date_gmt":"2014-03-29T14:24:54","guid":{"rendered":"http:\/\/www.sudoestehoje.com.br\/novoportal\/?p=35560"},"modified":"2014-03-29T11:25:21","modified_gmt":"2014-03-29T14:25:21","slug":"democratas-preparam-lancamento-de-paulo-souto-ao-governo","status":"publish","type":"post","link":"https:\/\/www.sudoestehoje.com.br\/novoportal\/2014\/03\/29\/democratas-preparam-lancamento-de-paulo-souto-ao-governo\/","title":{"rendered":"DEMOCRATAS PREPARA LAN\u00c7AMENTO DE PAULO SOUTO AO GOVERNO"},"content":{"rendered":"<p><a href=\"http:\/\/www.sudoestehoje.com.br\/novoportal\/wp-content\/uploads\/2014\/03\/souto.jpg\"><img loading=\"lazy\" decoding=\"async\" class=\"aligncenter size-medium wp-image-35561\" alt=\"souto\" src=\"http:\/\/www.sudoestehoje.com.br\/novoportal\/wp-content\/uploads\/2014\/03\/souto-500x271.jpg\" width=\"500\" height=\"271\" srcset=\"https:\/\/www.sudoestehoje.com.br\/novoportal\/wp-content\/uploads\/2014\/03\/souto-500x271.jpg 500w, https:\/\/www.sudoestehoje.com.br\/novoportal\/wp-content\/uploads\/2014\/03\/souto.jpg 590w\" sizes=\"auto, (max-width: 500px) 100vw, 500px\" \/><\/a><\/p>\n<p>Especialmente depois de ontem \u00e0 noite, quando ACM Neto (DEM) cometeu um ato falho se referindo a Paulo Souto (DEM) como governador da Bahia, todos os ind\u00edcios agora s\u00e3o de que o DEM lan\u00e7ar\u00e1 a candidatura do democrata na pr\u00f3xima semana.<\/p>\n<p>Isto ocorrendo, o PSDB, por unanimidade, como combinado, indicar\u00e1 o ex-prefeito de Mata de S\u00e3o Jo\u00e3o, Jo\u00e3o Gualberto, para ser seu representante na chapa, na qualidade de candidato a vice-governador.<\/p>\n<p>Na executiva do PSDB, 11 dos 13 membros preferem o ex-governador Paulo Souto como candidato das oposi\u00e7\u00f5es, situa\u00e7\u00e3o que influenciou bastante em sua escolha para candidato.<\/p>\n","protected":false},"excerpt":{"rendered":"<p>Especialmente depois de ontem \u00e0 noite, quando ACM Neto (DEM) cometeu um ato falho se referindo a Paulo Souto (DEM) como governador da Bahia, todos os ind\u00edcios agora s\u00e3o de que o DEM lan\u00e7ar\u00e1 a candidatura do democrata na pr\u00f3xima semana. Isto ocorrendo, o PSDB, por unanimidade, como combinado, indicar\u00e1 o ex-prefeito de Mata de [&hellip;]<\/p>\n","protected":false},"author":2,"featured_media":0,"comment_status":"open","ping_status":"open","sticky":false,"template":"","format":"standard","meta":{"footnotes":"","_links_to":"","_links_to_target":""},"categories":[1],"tags":[],"class_list":["post-35560","post","type-post","status-publish","format-standard","hentry","category-geral"],"views":1202,"_links":{"self":[{"href":"https:\/\/www.sudoestehoje.com.br\/novoportal\/wp-json\/wp\/v2\/posts\/35560","targetHints":{"allow":["GET"]}}],"collection":[{"href":"https:\/\/www.sudoestehoje.com.br\/novoportal\/wp-json\/wp\/v2\/posts"}],"about":[{"href":"https:\/\/www.sudoestehoje.com.br\/novoportal\/wp-json\/wp\/v2\/types\/post"}],"author":[{"embeddable":true,"href":"https:\/\/www.sudoestehoje.com.br\/novoportal\/wp-json\/wp\/v2\/users\/2"}],"replies":[{"embeddable":true,"href":"https:\/\/www.sudoestehoje.com.br\/novoportal\/wp-json\/wp\/v2\/comments?post=35560"}],"version-history":[{"count":3,"href":"https:\/\/www.sudoestehoje.com.br\/novoportal\/wp-json\/wp\/v2\/posts\/35560\/revisions"}],"predecessor-version":[{"id":35564,"href":"https:\/\/www.sudoestehoje.com.br\/novoportal\/wp-json\/wp\/v2\/posts\/35560\/revisions\/35564"}],"wp:attachment":[{"href":"https:\/\/www.sudoestehoje.com.br\/novoportal\/wp-json\/wp\/v2\/media?parent=35560"}],"wp:term":[{"taxonomy":"category","embeddable":true,"href":"https:\/\/www.sudoestehoje.com.br\/novoportal\/wp-json\/wp\/v2\/categories?post=35560"},{"taxonomy":"post_tag","embeddable":true,"href":"https:\/\/www.sudoestehoje.com.br\/novoportal\/wp-json\/wp\/v2\/tags?post=35560"}],"curies":[{"name":"wp","href":"https:\/\/api.w.org\/{rel}","templated":true}]}}