
{"id":35534,"date":"2014-03-27T23:58:52","date_gmt":"2014-03-28T02:58:52","guid":{"rendered":"http:\/\/www.sudoestehoje.com.br\/novoportal\/?p=35534"},"modified":"2014-03-28T00:01:35","modified_gmt":"2014-03-28T03:01:35","slug":"escola-dona-geni-melhorou-com-nova-gestao-afirma-renan-coelho","status":"publish","type":"post","link":"https:\/\/www.sudoestehoje.com.br\/novoportal\/2014\/03\/27\/escola-dona-geni-melhorou-com-nova-gestao-afirma-renan-coelho\/","title":{"rendered":"VEREADOR RENAN COELHO RESSALTA SUA ATUA\u00c7\u00c3O EM DEFESA DO BANDEIRA"},"content":{"rendered":"<div id=\"attachment_35535\" style=\"width: 510px\" class=\"wp-caption aligncenter\"><a href=\"http:\/\/www.sudoestehoje.com.br\/novoportal\/wp-content\/uploads\/2014\/03\/renan.jpg\"><img loading=\"lazy\" decoding=\"async\" aria-describedby=\"caption-attachment-35535\" class=\"size-medium wp-image-35535\" alt=\"o Vereador Renan Coelho nesta noite na C\u00e2mara ressaltou sua atua\u00e7\u00e3o a favor da comunidade do Bandeira quando em 2013 cobrou provid\u00eancia e denunciou a situa\u00e7\u00e3o da Escola Dona Geni que hoje com a nova gest\u00e3o a escola melhou muito e ganha credibilidade.\" src=\"http:\/\/www.sudoestehoje.com.br\/novoportal\/wp-content\/uploads\/2014\/03\/renan-500x375.jpg\" width=\"500\" height=\"375\" srcset=\"https:\/\/www.sudoestehoje.com.br\/novoportal\/wp-content\/uploads\/2014\/03\/renan-500x375.jpg 500w, https:\/\/www.sudoestehoje.com.br\/novoportal\/wp-content\/uploads\/2014\/03\/renan-700x525.jpg 700w, https:\/\/www.sudoestehoje.com.br\/novoportal\/wp-content\/uploads\/2014\/03\/renan.jpg 717w\" sizes=\"auto, (max-width: 500px) 100vw, 500px\" \/><\/a><p id=\"caption-attachment-35535\" class=\"wp-caption-text\">O vereador Renan Coelho, na sess\u00e3o desta noite na C\u00e2mara Municipal, ressaltou sua atua\u00e7\u00e3o a favor da comunidade do distrito de Bandeira do Col\u00f4nia, quando em 2013 cobrou provid\u00eancias e denunciou a situa\u00e7\u00e3o da Escola Dona Geni, que hoje, com nova gest\u00e3o, melhorou muito e ganha credibilidade. Foto Facebook<\/p><\/div>\n","protected":false},"excerpt":{"rendered":"","protected":false},"author":2,"featured_media":0,"comment_status":"open","ping_status":"open","sticky":false,"template":"","format":"standard","meta":{"footnotes":"","_links_to":"","_links_to_target":""},"categories":[1],"tags":[],"class_list":["post-35534","post","type-post","status-publish","format-standard","hentry","category-geral"],"views":1590,"_links":{"self":[{"href":"https:\/\/www.sudoestehoje.com.br\/novoportal\/wp-json\/wp\/v2\/posts\/35534","targetHints":{"allow":["GET"]}}],"collection":[{"href":"https:\/\/www.sudoestehoje.com.br\/novoportal\/wp-json\/wp\/v2\/posts"}],"about":[{"href":"https:\/\/www.sudoestehoje.com.br\/novoportal\/wp-json\/wp\/v2\/types\/post"}],"author":[{"embeddable":true,"href":"https:\/\/www.sudoestehoje.com.br\/novoportal\/wp-json\/wp\/v2\/users\/2"}],"replies":[{"embeddable":true,"href":"https:\/\/www.sudoestehoje.com.br\/novoportal\/wp-json\/wp\/v2\/comments?post=35534"}],"version-history":[{"count":5,"href":"https:\/\/www.sudoestehoje.com.br\/novoportal\/wp-json\/wp\/v2\/posts\/35534\/revisions"}],"predecessor-version":[{"id":35540,"href":"https:\/\/www.sudoestehoje.com.br\/novoportal\/wp-json\/wp\/v2\/posts\/35534\/revisions\/35540"}],"wp:attachment":[{"href":"https:\/\/www.sudoestehoje.com.br\/novoportal\/wp-json\/wp\/v2\/media?parent=35534"}],"wp:term":[{"taxonomy":"category","embeddable":true,"href":"https:\/\/www.sudoestehoje.com.br\/novoportal\/wp-json\/wp\/v2\/categories?post=35534"},{"taxonomy":"post_tag","embeddable":true,"href":"https:\/\/www.sudoestehoje.com.br\/novoportal\/wp-json\/wp\/v2\/tags?post=35534"}],"curies":[{"name":"wp","href":"https:\/\/api.w.org\/{rel}","templated":true}]}}