
{"id":35530,"date":"2014-03-27T22:15:43","date_gmt":"2014-03-28T01:15:43","guid":{"rendered":"http:\/\/www.sudoestehoje.com.br\/novoportal\/?p=35530"},"modified":"2014-03-27T22:24:29","modified_gmt":"2014-03-28T01:24:29","slug":"revista-do-centenario-de-espeinheira","status":"publish","type":"post","link":"https:\/\/www.sudoestehoje.com.br\/novoportal\/2014\/03\/27\/revista-do-centenario-de-espeinheira\/","title":{"rendered":"REVISTA DO CENTEN\u00c1RIO DE ESPINHEIRA"},"content":{"rendered":"<p><img decoding=\"async\" class=\"aligncenter\" alt=\"\" src=\"https:\/\/fbcdn-sphotos-d-a.akamaihd.net\/hphotos-ak-prn2\/t1.0-9\/1538697_605260556232016_52737633_n.jpg\" width=\"400\" \/><\/p>\n<p>Sendo uma das pe\u00e7as do Projeto Centen\u00e1rio de Espinheira, a <b>REVISTA CENTEN\u00c1RIO DE ESPINHEIRA<\/b> se constitui uma excelente oportunidade de perdurar as marcas de algumas empresas locais, haja vista ser um produto que ser\u00e1 guardado por todos que o adquirirem e servir\u00e1, inclusive, como fonte de pesquisa para a posteridade.<\/p>\n<p>Com conte\u00fado hist\u00f3rico da vida e obra de Espinheira, a Revista ter\u00e1, ainda, a divulga\u00e7\u00e3o dos eventos associados, como a Meia Maratona, o Concurso de Poesias, O lan\u00e7amento do Selo Comemorativo e o registro da Festa de Entrega da Comenda Centen\u00e1rio de Espinheira.<\/p>\n<p>Ser\u00e3o publicadas as fotos e biografias de todos os comendadores.<\/p>\n<p>A equipe de Consultores da Maximize Ltda est\u00e1 empenhada em fazer o melhor\u00a0 poss\u00edvel para que este seja um trabalho de excel\u00eancia. Contatos: <a href=\"mailto:Maximize.Maximize@yahoo.com.br\">Maximize.Maximize@yahoo.com.br<\/a>\u00a0 ou Fones: 77 9968-9967\u00a0 8119-7285 (Maur\u00edcio Gohmes) 77 8140-5769 (Cristiane Viana)\u00a0 77 8135-2821 (\u00cdcaro Ferreira) 77 8122-0795 (Rebeca Gomes).<\/p>\n","protected":false},"excerpt":{"rendered":"<p>Sendo uma das pe\u00e7as do Projeto Centen\u00e1rio de Espinheira, a REVISTA CENTEN\u00c1RIO DE ESPINHEIRA se constitui uma excelente oportunidade de perdurar as marcas de algumas empresas locais, haja vista ser um produto que ser\u00e1 guardado por todos que o adquirirem e servir\u00e1, inclusive, como fonte de pesquisa para a posteridade. Com conte\u00fado hist\u00f3rico da vida [&hellip;]<\/p>\n","protected":false},"author":2,"featured_media":0,"comment_status":"open","ping_status":"open","sticky":false,"template":"","format":"standard","meta":{"footnotes":"","_links_to":"","_links_to_target":""},"categories":[1],"tags":[],"class_list":["post-35530","post","type-post","status-publish","format-standard","hentry","category-geral"],"views":1274,"_links":{"self":[{"href":"https:\/\/www.sudoestehoje.com.br\/novoportal\/wp-json\/wp\/v2\/posts\/35530","targetHints":{"allow":["GET"]}}],"collection":[{"href":"https:\/\/www.sudoestehoje.com.br\/novoportal\/wp-json\/wp\/v2\/posts"}],"about":[{"href":"https:\/\/www.sudoestehoje.com.br\/novoportal\/wp-json\/wp\/v2\/types\/post"}],"author":[{"embeddable":true,"href":"https:\/\/www.sudoestehoje.com.br\/novoportal\/wp-json\/wp\/v2\/users\/2"}],"replies":[{"embeddable":true,"href":"https:\/\/www.sudoestehoje.com.br\/novoportal\/wp-json\/wp\/v2\/comments?post=35530"}],"version-history":[{"count":2,"href":"https:\/\/www.sudoestehoje.com.br\/novoportal\/wp-json\/wp\/v2\/posts\/35530\/revisions"}],"predecessor-version":[{"id":35533,"href":"https:\/\/www.sudoestehoje.com.br\/novoportal\/wp-json\/wp\/v2\/posts\/35530\/revisions\/35533"}],"wp:attachment":[{"href":"https:\/\/www.sudoestehoje.com.br\/novoportal\/wp-json\/wp\/v2\/media?parent=35530"}],"wp:term":[{"taxonomy":"category","embeddable":true,"href":"https:\/\/www.sudoestehoje.com.br\/novoportal\/wp-json\/wp\/v2\/categories?post=35530"},{"taxonomy":"post_tag","embeddable":true,"href":"https:\/\/www.sudoestehoje.com.br\/novoportal\/wp-json\/wp\/v2\/tags?post=35530"}],"curies":[{"name":"wp","href":"https:\/\/api.w.org\/{rel}","templated":true}]}}