
{"id":35526,"date":"2014-03-27T17:31:40","date_gmt":"2014-03-27T20:31:40","guid":{"rendered":"http:\/\/www.sudoestehoje.com.br\/novoportal\/?p=35526"},"modified":"2014-03-27T17:31:40","modified_gmt":"2014-03-27T20:31:40","slug":"cpi-da-petrobras-e-protocolada-pela-oposicao-no-senado","status":"publish","type":"post","link":"https:\/\/www.sudoestehoje.com.br\/novoportal\/2014\/03\/27\/cpi-da-petrobras-e-protocolada-pela-oposicao-no-senado\/","title":{"rendered":"CPI DA PETROBRAS \u00c9 PROTOCOLADA PELA OPOSI\u00c7\u00c3O NO SENADO"},"content":{"rendered":"<p style=\"text-align: center;\"><a href=\"http:\/\/www.sudoestehoje.com.br\/novoportal\/wp-content\/uploads\/2014\/03\/CPI.jpg\"><img decoding=\"async\" class=\"aligncenter  wp-image-35528\" alt=\"CPI\" src=\"http:\/\/www.sudoestehoje.com.br\/novoportal\/wp-content\/uploads\/2014\/03\/CPI.jpg\" width=\"450\" \/><\/a><\/p>\n<p>O senador \u00c1lvaro Dias (PSDB-PR) protocolou na manh\u00e3 desta quinta-feira (27) no Senado o requerimento para a instala\u00e7\u00e3o de uma CPI da Petrobras. O documento tem 28 assinaturas de senadores. O n\u00famero m\u00ednimo exigido pelo regimento do Senado \u00e9 de 27. Na quarta \u00e0 noite, Dias j\u00e1 havia anunciado que tinha obtido o n\u00famero m\u00ednimo de assinaturas.<\/p>\n<p>Com a oficializa\u00e7\u00e3o do pedido, fica a cargo da Mesa Diretora, que \u00e9 comandada pelo presidente do Senado, Renan Calheiros (PMDB-AL), determinar a cria\u00e7\u00e3o da CPI.\u00a0 A Secretaria da Mesa deve conferir as assinaturas e, em seguida, liberar o requerimento para a leitura em plen\u00e1rio.<\/p>\n<p>Veja os senadores que assinaram o requerimento de cria\u00e7\u00e3o de uma CPI da Petrobras exclusiva do Senado:<!--more--><br \/>\n1. \u00c1lvaro Dias (PSDB-PR)<br \/>\n2. Jarbas Vasconcelos (PMDB-PE)<br \/>\n3. Pedro Taques (PDT-MT)<br \/>\n4. C\u00e1ssio Cunha Lima (PSDB-PB)<br \/>\n5. M\u00e1rio Couto (PSDB-PA)<br \/>\n6. Jos\u00e9 Agripino (DEM-RN)<br \/>\n7. A\u00e9cio Neves (PSDB-MG)<br \/>\n8. Cristovam Buarque (PDT-DF)<br \/>\n9. Cyro Miranda (PSDB-GO)<br \/>\n10. C\u00edcero Lucena (PSDB-PB)<br \/>\n11. Pedro Simon (PMDB-RS)<br \/>\n12. Randolfe Rodrigues (PSOL-AP)<br \/>\n13. Ruben Figueir\u00f3 (PSDB-MS)<br \/>\n14. Ana Am\u00e9lia (PPS-RS)<br \/>\n15. Flexa Ribeiro (PSDB-PA)<br \/>\n16. L\u00facia V\u00e2nia (PSDB-GO)<br \/>\n17. S\u00e9rgio Petec\u00e3o (PSD-AC)<br \/>\n18. Paulo Bauer (PSDB-SC)<br \/>\n19. Jayme Campos (DEM-MT)<br \/>\n20. Aloysio Nunes (PSDB-SP)<br \/>\n21. Maria do Carmo (DEM-SE)<br \/>\n22. Cl\u00e9sio Andrade (PMDB-MG)<br \/>\n23. Eduardo Amorim (PSC-SE)<br \/>\n24. Rodrigo Rollemberg (PSB-DF)<br \/>\n25. Vicentinho Alves (SDD-TO)<br \/>\n26. Antonio Carlos Valadares (PSB-SE)<br \/>\n27. Jo\u00e3o Capiberibe (PSB-AP)<br \/>\n28. L\u00eddice da Mata (PSB-BA)<\/p>\n","protected":false},"excerpt":{"rendered":"<p>O senador \u00c1lvaro Dias (PSDB-PR) protocolou na manh\u00e3 desta quinta-feira (27) no Senado o requerimento para a instala\u00e7\u00e3o de uma CPI da Petrobras. O documento tem 28 assinaturas de senadores. O n\u00famero m\u00ednimo exigido pelo regimento do Senado \u00e9 de 27. Na quarta \u00e0 noite, Dias j\u00e1 havia anunciado que tinha obtido o n\u00famero m\u00ednimo [&hellip;]<\/p>\n","protected":false},"author":2,"featured_media":0,"comment_status":"open","ping_status":"open","sticky":false,"template":"","format":"standard","meta":{"footnotes":"","_links_to":"","_links_to_target":""},"categories":[1],"tags":[],"class_list":["post-35526","post","type-post","status-publish","format-standard","hentry","category-geral"],"views":1515,"_links":{"self":[{"href":"https:\/\/www.sudoestehoje.com.br\/novoportal\/wp-json\/wp\/v2\/posts\/35526","targetHints":{"allow":["GET"]}}],"collection":[{"href":"https:\/\/www.sudoestehoje.com.br\/novoportal\/wp-json\/wp\/v2\/posts"}],"about":[{"href":"https:\/\/www.sudoestehoje.com.br\/novoportal\/wp-json\/wp\/v2\/types\/post"}],"author":[{"embeddable":true,"href":"https:\/\/www.sudoestehoje.com.br\/novoportal\/wp-json\/wp\/v2\/users\/2"}],"replies":[{"embeddable":true,"href":"https:\/\/www.sudoestehoje.com.br\/novoportal\/wp-json\/wp\/v2\/comments?post=35526"}],"version-history":[{"count":1,"href":"https:\/\/www.sudoestehoje.com.br\/novoportal\/wp-json\/wp\/v2\/posts\/35526\/revisions"}],"predecessor-version":[{"id":35529,"href":"https:\/\/www.sudoestehoje.com.br\/novoportal\/wp-json\/wp\/v2\/posts\/35526\/revisions\/35529"}],"wp:attachment":[{"href":"https:\/\/www.sudoestehoje.com.br\/novoportal\/wp-json\/wp\/v2\/media?parent=35526"}],"wp:term":[{"taxonomy":"category","embeddable":true,"href":"https:\/\/www.sudoestehoje.com.br\/novoportal\/wp-json\/wp\/v2\/categories?post=35526"},{"taxonomy":"post_tag","embeddable":true,"href":"https:\/\/www.sudoestehoje.com.br\/novoportal\/wp-json\/wp\/v2\/tags?post=35526"}],"curies":[{"name":"wp","href":"https:\/\/api.w.org\/{rel}","templated":true}]}}