
{"id":35517,"date":"2014-03-27T17:00:04","date_gmt":"2014-03-27T20:00:04","guid":{"rendered":"http:\/\/www.sudoestehoje.com.br\/novoportal\/?p=35517"},"modified":"2014-03-27T17:00:04","modified_gmt":"2014-03-27T20:00:04","slug":"aprovacao-ao-governo-dilma-cai-sete-pontos-no-ibope-de-marco","status":"publish","type":"post","link":"https:\/\/www.sudoestehoje.com.br\/novoportal\/2014\/03\/27\/aprovacao-ao-governo-dilma-cai-sete-pontos-no-ibope-de-marco\/","title":{"rendered":"APROVA\u00c7\u00c3O AO GOVERNO DILMA CAI SETE PONTOS NO IBOPE DE MAR\u00c7O"},"content":{"rendered":"<p><a href=\"http:\/\/www.sudoestehoje.com.br\/novoportal\/wp-content\/uploads\/2014\/03\/DILMA-IBOPE.jpg\"><img loading=\"lazy\" decoding=\"async\" class=\"aligncenter size-medium wp-image-35518\" alt=\"DILMA IBOPE\" src=\"http:\/\/www.sudoestehoje.com.br\/novoportal\/wp-content\/uploads\/2014\/03\/DILMA-IBOPE-500x282.jpg\" width=\"500\" height=\"282\" srcset=\"https:\/\/www.sudoestehoje.com.br\/novoportal\/wp-content\/uploads\/2014\/03\/DILMA-IBOPE-500x282.jpg 500w, https:\/\/www.sudoestehoje.com.br\/novoportal\/wp-content\/uploads\/2014\/03\/DILMA-IBOPE-700x395.jpg 700w, https:\/\/www.sudoestehoje.com.br\/novoportal\/wp-content\/uploads\/2014\/03\/DILMA-IBOPE.jpg 1600w\" sizes=\"auto, (max-width: 500px) 100vw, 500px\" \/><\/a><\/p>\n<p>Do\u00a0<strong>G1<\/strong><\/p>\n<p>O percentual de eleitores que considera o governo como \u201cbom\u201d ou \u201c\u00f3timo\u201d caiu sete pontos percentuais em mar\u00e7o deste ano na compara\u00e7\u00e3o com novembro do ano passado \u2013 passou de 43% de aprova\u00e7\u00e3o para 36% -, mostra pesquisa do Ibope encomendada pela Confedera\u00e7\u00e3o Nacional da Ind\u00fastria e divulgada nesta quinta-feira (27).<\/p>\n<p>O levantamento atual foi realizado entre os dias 14 e 17 de mar\u00e7o com 2.002 eleitores de 141 cidades brasileiras. A margem de erro \u00e9 de dois pontos percentuais para mais ou para menos e a pesquisa foi registrada na Justi\u00e7a Eleitoral sob o n\u00famero BR-00053-2014 (em ano eleitoral, todas as pesquisas devem ser registradas).<\/p>\n","protected":false},"excerpt":{"rendered":"<p>Do\u00a0G1 O percentual de eleitores que considera o governo como \u201cbom\u201d ou \u201c\u00f3timo\u201d caiu sete pontos percentuais em mar\u00e7o deste ano na compara\u00e7\u00e3o com novembro do ano passado \u2013 passou de 43% de aprova\u00e7\u00e3o para 36% -, mostra pesquisa do Ibope encomendada pela Confedera\u00e7\u00e3o Nacional da Ind\u00fastria e divulgada nesta quinta-feira (27). O levantamento atual [&hellip;]<\/p>\n","protected":false},"author":2,"featured_media":0,"comment_status":"open","ping_status":"open","sticky":false,"template":"","format":"standard","meta":{"footnotes":"","_links_to":"","_links_to_target":""},"categories":[1],"tags":[],"class_list":["post-35517","post","type-post","status-publish","format-standard","hentry","category-geral"],"views":1728,"_links":{"self":[{"href":"https:\/\/www.sudoestehoje.com.br\/novoportal\/wp-json\/wp\/v2\/posts\/35517","targetHints":{"allow":["GET"]}}],"collection":[{"href":"https:\/\/www.sudoestehoje.com.br\/novoportal\/wp-json\/wp\/v2\/posts"}],"about":[{"href":"https:\/\/www.sudoestehoje.com.br\/novoportal\/wp-json\/wp\/v2\/types\/post"}],"author":[{"embeddable":true,"href":"https:\/\/www.sudoestehoje.com.br\/novoportal\/wp-json\/wp\/v2\/users\/2"}],"replies":[{"embeddable":true,"href":"https:\/\/www.sudoestehoje.com.br\/novoportal\/wp-json\/wp\/v2\/comments?post=35517"}],"version-history":[{"count":2,"href":"https:\/\/www.sudoestehoje.com.br\/novoportal\/wp-json\/wp\/v2\/posts\/35517\/revisions"}],"predecessor-version":[{"id":35520,"href":"https:\/\/www.sudoestehoje.com.br\/novoportal\/wp-json\/wp\/v2\/posts\/35517\/revisions\/35520"}],"wp:attachment":[{"href":"https:\/\/www.sudoestehoje.com.br\/novoportal\/wp-json\/wp\/v2\/media?parent=35517"}],"wp:term":[{"taxonomy":"category","embeddable":true,"href":"https:\/\/www.sudoestehoje.com.br\/novoportal\/wp-json\/wp\/v2\/categories?post=35517"},{"taxonomy":"post_tag","embeddable":true,"href":"https:\/\/www.sudoestehoje.com.br\/novoportal\/wp-json\/wp\/v2\/tags?post=35517"}],"curies":[{"name":"wp","href":"https:\/\/api.w.org\/{rel}","templated":true}]}}