
{"id":35511,"date":"2014-03-27T13:10:13","date_gmt":"2014-03-27T16:10:13","guid":{"rendered":"http:\/\/www.sudoestehoje.com.br\/novoportal\/?p=35511"},"modified":"2014-03-27T13:10:13","modified_gmt":"2014-03-27T16:10:13","slug":"telefone-da-adab-foi-cortado","status":"publish","type":"post","link":"https:\/\/www.sudoestehoje.com.br\/novoportal\/2014\/03\/27\/telefone-da-adab-foi-cortado\/","title":{"rendered":"TELEFONE DA ADAB FOI CORTADO"},"content":{"rendered":"<p style=\"text-align: center;\"><a href=\"http:\/\/www.sudoestehoje.com.br\/novoportal\/wp-content\/uploads\/2014\/03\/ADAB.jpg\"><img loading=\"lazy\" decoding=\"async\" class=\"aligncenter  wp-image-35512\" alt=\"ADAB\" src=\"http:\/\/www.sudoestehoje.com.br\/novoportal\/wp-content\/uploads\/2014\/03\/ADAB.jpg\" width=\"157\" height=\"180\" \/><\/a><\/p>\n<p>Quem duvidava da crise financeira do Governo do Estado, agora tem certeza de que a Bahia vai mal das pernas. Em v\u00e1rias reparti\u00e7\u00f5es, inclusive na ADAB de Itapetinga e regi\u00e3o, os telefones se encontram cortados pela operadora OI, por absoluta falta de pagamento. Segundo funcion\u00e1rios do \u00f3rg\u00e3o ligado \u00e0 Secretaria de Agricultura, o corte n\u00e3o foi s\u00f3 aqui e atinge a Bahia inteira. Mas o que n\u00e3o falta \u00e9 dirigente e ex-dirigente da secretaria, fazendo campanha eleitoral \u00e0s custas do \u00f3rg\u00e3o. E ainda dizem que &#8220;a Bahia quer mais&#8230;&#8221;.<\/p>\n","protected":false},"excerpt":{"rendered":"<p>Quem duvidava da crise financeira do Governo do Estado, agora tem certeza de que a Bahia vai mal das pernas. Em v\u00e1rias reparti\u00e7\u00f5es, inclusive na ADAB de Itapetinga e regi\u00e3o, os telefones se encontram cortados pela operadora OI, por absoluta falta de pagamento. Segundo funcion\u00e1rios do \u00f3rg\u00e3o ligado \u00e0 Secretaria de Agricultura, o corte n\u00e3o [&hellip;]<\/p>\n","protected":false},"author":2,"featured_media":0,"comment_status":"open","ping_status":"open","sticky":false,"template":"","format":"standard","meta":{"footnotes":"","_links_to":"","_links_to_target":""},"categories":[11],"tags":[],"class_list":["post-35511","post","type-post","status-publish","format-standard","hentry","category-quentinhas"],"views":1922,"_links":{"self":[{"href":"https:\/\/www.sudoestehoje.com.br\/novoportal\/wp-json\/wp\/v2\/posts\/35511","targetHints":{"allow":["GET"]}}],"collection":[{"href":"https:\/\/www.sudoestehoje.com.br\/novoportal\/wp-json\/wp\/v2\/posts"}],"about":[{"href":"https:\/\/www.sudoestehoje.com.br\/novoportal\/wp-json\/wp\/v2\/types\/post"}],"author":[{"embeddable":true,"href":"https:\/\/www.sudoestehoje.com.br\/novoportal\/wp-json\/wp\/v2\/users\/2"}],"replies":[{"embeddable":true,"href":"https:\/\/www.sudoestehoje.com.br\/novoportal\/wp-json\/wp\/v2\/comments?post=35511"}],"version-history":[{"count":1,"href":"https:\/\/www.sudoestehoje.com.br\/novoportal\/wp-json\/wp\/v2\/posts\/35511\/revisions"}],"predecessor-version":[{"id":35513,"href":"https:\/\/www.sudoestehoje.com.br\/novoportal\/wp-json\/wp\/v2\/posts\/35511\/revisions\/35513"}],"wp:attachment":[{"href":"https:\/\/www.sudoestehoje.com.br\/novoportal\/wp-json\/wp\/v2\/media?parent=35511"}],"wp:term":[{"taxonomy":"category","embeddable":true,"href":"https:\/\/www.sudoestehoje.com.br\/novoportal\/wp-json\/wp\/v2\/categories?post=35511"},{"taxonomy":"post_tag","embeddable":true,"href":"https:\/\/www.sudoestehoje.com.br\/novoportal\/wp-json\/wp\/v2\/tags?post=35511"}],"curies":[{"name":"wp","href":"https:\/\/api.w.org\/{rel}","templated":true}]}}