
{"id":35497,"date":"2014-03-27T01:07:01","date_gmt":"2014-03-27T04:07:01","guid":{"rendered":"http:\/\/www.sudoestehoje.com.br\/novoportal\/?p=35497"},"modified":"2014-03-27T01:07:01","modified_gmt":"2014-03-27T04:07:01","slug":"exclusivo-juiz-eleitoral-nega-pedido-de-cassacao-de-ze-carlos-e-alecio","status":"publish","type":"post","link":"https:\/\/www.sudoestehoje.com.br\/novoportal\/2014\/03\/27\/exclusivo-juiz-eleitoral-nega-pedido-de-cassacao-de-ze-carlos-e-alecio\/","title":{"rendered":"EXCLUSIVO: JUIZ ELEITORAL NEGA PEDIDO DE CASSA\u00c7\u00c3O DE Z\u00c9 CARLOS E AL\u00c9CIO"},"content":{"rendered":"<p style=\"text-align: center;\"><a href=\"http:\/\/www.sudoestehoje.com.br\/novoportal\/wp-content\/uploads\/2014\/03\/Z\u00c9-CARLOS-E-AL\u00c9CIO.jpg\"><img decoding=\"async\" class=\"aligncenter  wp-image-35499\" alt=\"Z\u00c9 CARLOS E AL\u00c9CIO\" src=\"http:\/\/www.sudoestehoje.com.br\/novoportal\/wp-content\/uploads\/2014\/03\/Z\u00c9-CARLOS-E-AL\u00c9CIO-500x481.jpg\" width=\"400\" srcset=\"https:\/\/www.sudoestehoje.com.br\/novoportal\/wp-content\/uploads\/2014\/03\/Z\u00c9-CARLOS-E-AL\u00c9CIO-500x481.jpg 500w, https:\/\/www.sudoestehoje.com.br\/novoportal\/wp-content\/uploads\/2014\/03\/Z\u00c9-CARLOS-E-AL\u00c9CIO-700x673.jpg 700w, https:\/\/www.sudoestehoje.com.br\/novoportal\/wp-content\/uploads\/2014\/03\/Z\u00c9-CARLOS-E-AL\u00c9CIO.jpg 798w\" sizes=\"(max-width: 500px) 100vw, 500px\" \/><\/a><\/p>\n<p>ITAPETINGA: Contrariando a todas as expectativas da popula\u00e7\u00e3o de Itapetinga, que presenciou as in\u00fameras irregularidades e escancarada compra de votos pelo grupo do prefeito, nas elei\u00e7\u00f5es de 2012, o Juiz Eleitoral de Itapetinga negou o pedido de cassa\u00e7\u00e3o dos mandatos eletivos de Z\u00e9 Carlos e seu vice Al\u00e9cio Chaves, aplicando apenas uma multa de R$ 10 mil reais para cada um, em senten\u00e7a proferida nos autos do processo n\u00ba 493-78.2012.6.05.0140 &#8211; AIJE, conforme publica\u00e7\u00e3o no Di\u00e1rio Eletr\u00f4nico da Justi\u00e7a Eleitoral, desta quinta-feira (27).<\/p>\n<p>Nos principais trechos da pe\u00e7a decis\u00f3ria, o Juiz Eleitoral Leo Andr\u00e9 Cerveira assevera:<\/p>\n<p><em>&#8220;No m\u00e9rito, compulsando os autos, percebe-se que, no tocante \u00e0\u00a0den\u00fancia de capta\u00e7\u00e3o de sufr\u00e1gio por parte dos Investigados, tal\u00a0alega\u00e7\u00e3o n\u00e3o prospera, na medida em que os requisitos para que\u00a0este il\u00edcito se configure n\u00e3o restaram demonstrados nos autos, n\u00e3o\u00a0havendo qualquer prova que indique participa\u00e7\u00e3o dos candidatos,\u00a0ora Investigados, com os fatos ocorridos. De igual forma, n\u00e3o restou\u00a0demonstrada, no contexto f\u00e1tico, a ci\u00eancia, consentimento, anu\u00eancia\u00a0ou mesmo conhecimento dos fatos ocorridos por parte dos\u00a0Investigados.&#8221;<\/em><\/p>\n<p><em>&#8220;&#8230;\u00a0Assim, seguindo parecer do ilustre representante do Minist\u00e9rio\u00a0P\u00fablico, fls. 289\/298, corroborado \u00e0s fls. 2928, entendo ser cab\u00edvel a\u00a0multa de que tratam os \u00a7\u00a7 4\u00ba e 8\u00ba do art. 73 da Lei n\u00ba 9.504\/1997,\u00a0n\u00e3o entendendo ser o caso de decreta\u00e7\u00e3o da inelegibilidade e\u00a0cassa\u00e7\u00e3o do registro, diploma ou mandatos dos Investigados, como\u00a0requerido pela Investigante, sendo este o melhor entendimento\u00a0jurisprudencial de nossos Tribunais&#8230;&#8221;<\/em><\/p>\n<p><em>&#8220;Pelo exposto, atento ao que mais dos autos consta e aos princ\u00edpios de Direito aplic\u00e1veis \u00e0 esp\u00e9cie, JULGO PARCIALMENTE PROCEDENTE O PEDIDO para RECONHECER a pr\u00e1tica da\u00a0conduta ilegal descrita no art. 73, VI, b, da Lei n\u00ba 9.504\/1997, por parte dos Investigados, bem como para CONDENAR os Investigados ao pagamento da multa de que trata o \u00a74\u00ba do art. 1\u00ba, da Resolu\u00e7\u00e3o 23.370\/2011, a qual arbitro em R$10.000 (dez mil reais) para cada <\/em><em>um dos Investigados.&#8221;<\/em><\/p>\n<p>O Sudoeste Hoje entrou em contato com a candidata K\u00e1tia Espinheira (PMDB), autora da a\u00e7\u00e3o, que ao saber do teor da decis\u00e3o do juiz local, informou que os seus advogados j\u00e1 previam tal possibilidade e ir\u00e3o recorrer da decis\u00e3o junto ao TRE.<\/p>\n<p><strong><em>Por Davi Ferraz<\/em><\/strong><\/p>\n","protected":false},"excerpt":{"rendered":"<p>ITAPETINGA: Contrariando a todas as expectativas da popula\u00e7\u00e3o de Itapetinga, que presenciou as in\u00fameras irregularidades e escancarada compra de votos pelo grupo do prefeito, nas elei\u00e7\u00f5es de 2012, o Juiz Eleitoral de Itapetinga negou o pedido de cassa\u00e7\u00e3o dos mandatos eletivos de Z\u00e9 Carlos e seu vice Al\u00e9cio Chaves, aplicando apenas uma multa de R$ [&hellip;]<\/p>\n","protected":false},"author":2,"featured_media":0,"comment_status":"open","ping_status":"open","sticky":false,"template":"","format":"standard","meta":{"footnotes":"","_links_to":"","_links_to_target":""},"categories":[1],"tags":[],"class_list":["post-35497","post","type-post","status-publish","format-standard","hentry","category-geral"],"views":1508,"_links":{"self":[{"href":"https:\/\/www.sudoestehoje.com.br\/novoportal\/wp-json\/wp\/v2\/posts\/35497","targetHints":{"allow":["GET"]}}],"collection":[{"href":"https:\/\/www.sudoestehoje.com.br\/novoportal\/wp-json\/wp\/v2\/posts"}],"about":[{"href":"https:\/\/www.sudoestehoje.com.br\/novoportal\/wp-json\/wp\/v2\/types\/post"}],"author":[{"embeddable":true,"href":"https:\/\/www.sudoestehoje.com.br\/novoportal\/wp-json\/wp\/v2\/users\/2"}],"replies":[{"embeddable":true,"href":"https:\/\/www.sudoestehoje.com.br\/novoportal\/wp-json\/wp\/v2\/comments?post=35497"}],"version-history":[{"count":3,"href":"https:\/\/www.sudoestehoje.com.br\/novoportal\/wp-json\/wp\/v2\/posts\/35497\/revisions"}],"predecessor-version":[{"id":35501,"href":"https:\/\/www.sudoestehoje.com.br\/novoportal\/wp-json\/wp\/v2\/posts\/35497\/revisions\/35501"}],"wp:attachment":[{"href":"https:\/\/www.sudoestehoje.com.br\/novoportal\/wp-json\/wp\/v2\/media?parent=35497"}],"wp:term":[{"taxonomy":"category","embeddable":true,"href":"https:\/\/www.sudoestehoje.com.br\/novoportal\/wp-json\/wp\/v2\/categories?post=35497"},{"taxonomy":"post_tag","embeddable":true,"href":"https:\/\/www.sudoestehoje.com.br\/novoportal\/wp-json\/wp\/v2\/tags?post=35497"}],"curies":[{"name":"wp","href":"https:\/\/api.w.org\/{rel}","templated":true}]}}