
{"id":35458,"date":"2014-03-25T20:00:45","date_gmt":"2014-03-25T23:00:45","guid":{"rendered":"http:\/\/www.sudoestehoje.com.br\/novoportal\/?p=35458"},"modified":"2014-03-25T20:00:45","modified_gmt":"2014-03-25T23:00:45","slug":"prefeita-de-floresta-azul-tem-mandato-cassado-por-compra-de-votos","status":"publish","type":"post","link":"https:\/\/www.sudoestehoje.com.br\/novoportal\/2014\/03\/25\/prefeita-de-floresta-azul-tem-mandato-cassado-por-compra-de-votos\/","title":{"rendered":"PREFEITA DE FLORESTA AZUL TEM MANDATO CASSADO POR COMPRA DE VOTOS"},"content":{"rendered":"<p><a href=\"http:\/\/www.sudoestehoje.com.br\/novoportal\/wp-content\/uploads\/2014\/03\/prefeita-floresta-azul.jpg\"><img loading=\"lazy\" decoding=\"async\" class=\"aligncenter size-full wp-image-35459\" alt=\"prefeita floresta azul\" src=\"http:\/\/www.sudoestehoje.com.br\/novoportal\/wp-content\/uploads\/2014\/03\/prefeita-floresta-azul.jpg\" width=\"350\" height=\"379\" \/><\/a><\/p>\n<p>A\u00a0prefeita de Floresta Azul,\u00a0Sandra Cardoso (DEM), foi cassada pela Justi\u00e7a Eleitoral, por compra de votos no pleito de 2012. A decis\u00e3o \u00e9 do ju\u00edzo da 29\u00aa Zona Eleitoral.<\/p>\n<p>A justi\u00e7a acatou as den\u00fancias formuladas pelo Minist\u00e9rio P\u00fablico Eleitoral e pelo candidato derrotado, Carlos Amilton (Garraf\u00e3o), defendido pelos advogados Marcos Alpoim e Frederico Matos.<\/p>\n<p>Na an\u00e1lise do MPE, Sandra Cardoso (Dra. Sandra) \u201carrecadou recursos e efetuou despesas, para fins eleitorais, em desacordo com as normas da Lei n. 9.504\/ 1997 e de Resolu\u00e7\u00e4o do TSE e teve suas contas reprovadas\u201d.<\/p>\n<p>Apesar de cassada, Sandra ter\u00e1 o direito de recorrer ou apresentar embargos ainda no cargo. Caso seja cassada em definitivo, o munic\u00edpio sul-baiano ter\u00e1 de realizar novas elei\u00e7\u00f5es, j\u00e1 que Sandra obteve mais de 50% dos votos em 2012. Ela tamb\u00e9m teve os direitos pol\u00edticos cassados por oito anos. A decis\u00e3o tamb\u00e9m atinge o vice, Jaconias Gusm\u00e3o. Pimenta<\/p>\n","protected":false},"excerpt":{"rendered":"<p>A\u00a0prefeita de Floresta Azul,\u00a0Sandra Cardoso (DEM), foi cassada pela Justi\u00e7a Eleitoral, por compra de votos no pleito de 2012. A decis\u00e3o \u00e9 do ju\u00edzo da 29\u00aa Zona Eleitoral. A justi\u00e7a acatou as den\u00fancias formuladas pelo Minist\u00e9rio P\u00fablico Eleitoral e pelo candidato derrotado, Carlos Amilton (Garraf\u00e3o), defendido pelos advogados Marcos Alpoim e Frederico Matos. Na an\u00e1lise [&hellip;]<\/p>\n","protected":false},"author":2,"featured_media":0,"comment_status":"open","ping_status":"open","sticky":false,"template":"","format":"standard","meta":{"footnotes":"","_links_to":"","_links_to_target":""},"categories":[1],"tags":[],"class_list":["post-35458","post","type-post","status-publish","format-standard","hentry","category-geral"],"views":1166,"_links":{"self":[{"href":"https:\/\/www.sudoestehoje.com.br\/novoportal\/wp-json\/wp\/v2\/posts\/35458","targetHints":{"allow":["GET"]}}],"collection":[{"href":"https:\/\/www.sudoestehoje.com.br\/novoportal\/wp-json\/wp\/v2\/posts"}],"about":[{"href":"https:\/\/www.sudoestehoje.com.br\/novoportal\/wp-json\/wp\/v2\/types\/post"}],"author":[{"embeddable":true,"href":"https:\/\/www.sudoestehoje.com.br\/novoportal\/wp-json\/wp\/v2\/users\/2"}],"replies":[{"embeddable":true,"href":"https:\/\/www.sudoestehoje.com.br\/novoportal\/wp-json\/wp\/v2\/comments?post=35458"}],"version-history":[{"count":1,"href":"https:\/\/www.sudoestehoje.com.br\/novoportal\/wp-json\/wp\/v2\/posts\/35458\/revisions"}],"predecessor-version":[{"id":35460,"href":"https:\/\/www.sudoestehoje.com.br\/novoportal\/wp-json\/wp\/v2\/posts\/35458\/revisions\/35460"}],"wp:attachment":[{"href":"https:\/\/www.sudoestehoje.com.br\/novoportal\/wp-json\/wp\/v2\/media?parent=35458"}],"wp:term":[{"taxonomy":"category","embeddable":true,"href":"https:\/\/www.sudoestehoje.com.br\/novoportal\/wp-json\/wp\/v2\/categories?post=35458"},{"taxonomy":"post_tag","embeddable":true,"href":"https:\/\/www.sudoestehoje.com.br\/novoportal\/wp-json\/wp\/v2\/tags?post=35458"}],"curies":[{"name":"wp","href":"https:\/\/api.w.org\/{rel}","templated":true}]}}