
{"id":35444,"date":"2014-03-24T23:48:59","date_gmt":"2014-03-25T02:48:59","guid":{"rendered":"http:\/\/www.sudoestehoje.com.br\/novoportal\/?p=35444"},"modified":"2014-03-24T23:52:26","modified_gmt":"2014-03-25T02:52:26","slug":"35444","status":"publish","type":"post","link":"https:\/\/www.sudoestehoje.com.br\/novoportal\/2014\/03\/24\/35444\/","title":{"rendered":"FESTA VIRA CONFRATERNIZA\u00c7\u00c3O DO PMDB REBELDE COM OPOSITORES DE DILMA"},"content":{"rendered":"<div id=\"attachment_35445\" style=\"width: 510px\" class=\"wp-caption aligncenter\"><a href=\"http:\/\/www.sudoestehoje.com.br\/novoportal\/wp-content\/uploads\/2014\/03\/geddel-a\u00e9cio-e-campos.jpeg\"><img loading=\"lazy\" decoding=\"async\" aria-describedby=\"caption-attachment-35445\" class=\"size-medium wp-image-35445\" alt=\"ggggg\" src=\"http:\/\/www.sudoestehoje.com.br\/novoportal\/wp-content\/uploads\/2014\/03\/geddel-a\u00e9cio-e-campos-500x396.jpeg\" width=\"500\" height=\"396\" srcset=\"https:\/\/www.sudoestehoje.com.br\/novoportal\/wp-content\/uploads\/2014\/03\/geddel-a\u00e9cio-e-campos-500x396.jpeg 500w, https:\/\/www.sudoestehoje.com.br\/novoportal\/wp-content\/uploads\/2014\/03\/geddel-a\u00e9cio-e-campos.jpeg 635w\" sizes=\"auto, (max-width: 500px) 100vw, 500px\" \/><\/a><p id=\"caption-attachment-35445\" class=\"wp-caption-text\">Geddel Vieira Lima com os presidenci\u00e1veis A\u00e9cio Neves (PSDB) e Eduardo Campos (PSB).<\/p><\/div>\n<p><strong><em>Folha<\/em><\/strong><\/p>\n<p>Uma festa de 15 anos em Salvador, na noite de s\u00e1bado, virou um inusitado palco de confraterniza\u00e7\u00e3o entre a ala rebelde do PMDB e os candidatos da oposi\u00e7\u00e3o \u00e0 Presid\u00eancia, A\u00e9cio Neves (PSDB) e Eduardo Campos (PSB).<\/p>\n<p>Os dois prestigiaram o anivers\u00e1rio de Marianna, filha mais velha do pr\u00e9-candidato do PMDB ao governo da Bahia, Geddel Vieira Lima. Enquanto os adolescentes dan\u00e7avam na pista, os pol\u00edticos concentravam-se em discutir a crise na Petrobras e comemorar poss\u00edveis danos \u00e0 imagem de Dilma Rousseff.<\/p>\n<p>&#8220;A orelha da presidente pode ter ardido, mas n\u00e3o por minha culpa. Estava l\u00e1 como anfitri\u00e3o e tive que receber muitos convidados&#8221;, disse Geddel \u00e0\u00a0<b>Folha<\/b>. &#8220;Mas com esses \u00faltimos epis\u00f3dios, especialmente o da compra da refinaria da Petrobras, o que Dilma n\u00e3o est\u00e1 merecendo \u00e9 elogio&#8221;, alfinetou o peemedebista.<!--more--><\/p>\n<p>Piv\u00f4 da rebeli\u00e3o contra o governo no Congresso, o l\u00edder do PMDB na C\u00e2mara, Eduardo Cunha (RJ), tamb\u00e9m compareceu \u00e0 festa. Ele voou do Rio a Salvador para participar do anivers\u00e1rio. &#8220;N\u00e3o fui a uma festa da oposi\u00e7\u00e3o, e sim ao anivers\u00e1rio da filha de um amigo. \u00c9 claro que sabia que os candidatos estariam l\u00e1. N\u00e3o sou covarde e n\u00e3o deixaria de ir por isso&#8221;, disse Cunha.<\/p>\n<p>A\u00e9cio, que costura um palanque \u00fanico de oposi\u00e7\u00e3o para apoiar Geddel na Bahia, cumpriu agenda \u00e0 tarde em Campos do Jord\u00e3o (SP) e embarcou em um jatinho direto para Salvador. Campos aproveitou a passagem pela capital baiana, onde realizou um encontro da alian\u00e7a PSB-Rede, para tamb\u00e9m marcar presen\u00e7a e se aproximar dos peemedebistas. Seu aliado Fernando Bezerra Coelho (PSB-PE), ex-ministro de Dilma, participou da comitiva.<\/p>\n<p>Outros rivais do PT tamb\u00e9m bateram ponto no espa\u00e7o Unique, uma badalada casa de festas em Salvador. O prefeito ACM Neto (DEM) animou tucanos e socialistas com a informa\u00e7\u00e3o de que Dilma teria perdido popularidade na Bahia, segundo pesquisas de seu partido.<\/p>\n<p>Os congressistas tamb\u00e9m articulavam a poss\u00edvel cria\u00e7\u00e3o da CPI da Petrobras. Ganhou for\u00e7a a ideia de convocar o ex-diretor Nestor Cerver\u00f3, demitido da empresa estatal na semana passada. Numa rodinha com A\u00e9cio e Campos, um deputado baiano fez tro\u00e7a: &#8220;Se Lula nunca sabia de nada, Dilma coloca a culpa no outros&#8221;.<\/p>\n<p>A aus\u00eancia do vice-presidente Michel Temer (PMDB), velho amigo de Geddel, foi notada. Mas os oposicionistas entenderam: ele ficaria numa &#8220;saia justa&#8221; rodeado por candidatos da oposi\u00e7\u00e3o e por Eduardo Cunha. Al\u00e9m das cr\u00edticas ao governo, as elei\u00e7\u00f5es foram o centro da festa da debutante.<\/p>\n<p>&#8220;Foi a festa de 15 anos com mais gente velha que j\u00e1 fui. E s\u00f3 se falava de pol\u00edtica&#8221;, contou um pol\u00edtico do DEM-BA. Para o deputado Jutahy Junior (PSDB-BA), a reuni\u00e3o dos presidenci\u00e1veis foi &#8220;simb\u00f3lica&#8221;. &#8220;A pol\u00edtica \u00e9 feita de s\u00edmbolos. A presen\u00e7a de A\u00e9cio e Eduardo na festa mostra uma uni\u00e3o das oposi\u00e7\u00f5es ao governo do PT.&#8221;<\/p>\n<p>A presen\u00e7a de Campos na festa, contudo, incomodou o tucano, que esperava reinar sozinho entre os principais partidos de oposi\u00e7\u00e3o baianos. A\u00e9cio e Campos sa\u00edram por volta da meia-noite. Dan\u00e7aram a &#8220;valsa pol\u00edtica&#8221; com o PMDB, mas n\u00e3o se arriscaram na valsa propriamente dita com a debutante.<\/p>\n","protected":false},"excerpt":{"rendered":"<p>Folha Uma festa de 15 anos em Salvador, na noite de s\u00e1bado, virou um inusitado palco de confraterniza\u00e7\u00e3o entre a ala rebelde do PMDB e os candidatos da oposi\u00e7\u00e3o \u00e0 Presid\u00eancia, A\u00e9cio Neves (PSDB) e Eduardo Campos (PSB). Os dois prestigiaram o anivers\u00e1rio de Marianna, filha mais velha do pr\u00e9-candidato do PMDB ao governo da [&hellip;]<\/p>\n","protected":false},"author":2,"featured_media":0,"comment_status":"open","ping_status":"open","sticky":false,"template":"","format":"standard","meta":{"footnotes":"","_links_to":"","_links_to_target":""},"categories":[1],"tags":[],"class_list":["post-35444","post","type-post","status-publish","format-standard","hentry","category-geral"],"views":1645,"_links":{"self":[{"href":"https:\/\/www.sudoestehoje.com.br\/novoportal\/wp-json\/wp\/v2\/posts\/35444","targetHints":{"allow":["GET"]}}],"collection":[{"href":"https:\/\/www.sudoestehoje.com.br\/novoportal\/wp-json\/wp\/v2\/posts"}],"about":[{"href":"https:\/\/www.sudoestehoje.com.br\/novoportal\/wp-json\/wp\/v2\/types\/post"}],"author":[{"embeddable":true,"href":"https:\/\/www.sudoestehoje.com.br\/novoportal\/wp-json\/wp\/v2\/users\/2"}],"replies":[{"embeddable":true,"href":"https:\/\/www.sudoestehoje.com.br\/novoportal\/wp-json\/wp\/v2\/comments?post=35444"}],"version-history":[{"count":4,"href":"https:\/\/www.sudoestehoje.com.br\/novoportal\/wp-json\/wp\/v2\/posts\/35444\/revisions"}],"predecessor-version":[{"id":35449,"href":"https:\/\/www.sudoestehoje.com.br\/novoportal\/wp-json\/wp\/v2\/posts\/35444\/revisions\/35449"}],"wp:attachment":[{"href":"https:\/\/www.sudoestehoje.com.br\/novoportal\/wp-json\/wp\/v2\/media?parent=35444"}],"wp:term":[{"taxonomy":"category","embeddable":true,"href":"https:\/\/www.sudoestehoje.com.br\/novoportal\/wp-json\/wp\/v2\/categories?post=35444"},{"taxonomy":"post_tag","embeddable":true,"href":"https:\/\/www.sudoestehoje.com.br\/novoportal\/wp-json\/wp\/v2\/tags?post=35444"}],"curies":[{"name":"wp","href":"https:\/\/api.w.org\/{rel}","templated":true}]}}