
{"id":35427,"date":"2014-03-24T13:30:01","date_gmt":"2014-03-24T16:30:01","guid":{"rendered":"http:\/\/www.sudoestehoje.com.br\/novoportal\/?p=35427"},"modified":"2014-03-24T13:30:01","modified_gmt":"2014-03-24T16:30:01","slug":"aviao-da-malaysia-caiu-no-oceano-indico-e-nao-ha-sobreviventes","status":"publish","type":"post","link":"https:\/\/www.sudoestehoje.com.br\/novoportal\/2014\/03\/24\/aviao-da-malaysia-caiu-no-oceano-indico-e-nao-ha-sobreviventes\/","title":{"rendered":"AVI\u00c3O DA MALAYSIA CAIU NO OCEANO \u00cdNDICO E N\u00c3O H\u00c1 SOBREVIVENTES"},"content":{"rendered":"<div id=\"attachment_35428\" style=\"width: 510px\" class=\"wp-caption aligncenter\"><a href=\"http:\/\/www.sudoestehoje.com.br\/novoportal\/wp-content\/uploads\/2014\/03\/MINISTRO-MALASIA.jpg\"><img loading=\"lazy\" decoding=\"async\" aria-describedby=\"caption-attachment-35428\" class=\"size-medium wp-image-35428\" alt=\"Dados de sat\u00e9lite confirmam queda no Oceano \u00cdndico, diz o primeiro-ministro malaio Najib Razak. Foto BBC Brasil \" src=\"http:\/\/www.sudoestehoje.com.br\/novoportal\/wp-content\/uploads\/2014\/03\/MINISTRO-MALASIA-500x281.jpg\" width=\"500\" height=\"281\" srcset=\"https:\/\/www.sudoestehoje.com.br\/novoportal\/wp-content\/uploads\/2014\/03\/MINISTRO-MALASIA-500x281.jpg 500w, https:\/\/www.sudoestehoje.com.br\/novoportal\/wp-content\/uploads\/2014\/03\/MINISTRO-MALASIA.jpg 624w\" sizes=\"auto, (max-width: 500px) 100vw, 500px\" \/><\/a><p id=\"caption-attachment-35428\" class=\"wp-caption-text\">Dados de sat\u00e9lite confirmam queda no Oceano \u00cdndico, diz o primeiro-ministro malaio Najib Razak. Foto BBC Brasil<\/p><\/div>\n<p>O voo MH-370 da companhia a\u00e9rea Malaysia Airlines caiu no Oceano \u00cdndico e n\u00e3o h\u00e1 sobreviventes, informou nesta segunda-feira (24) a empresa, por meio de uma mensagem de SMS, aos familiares das v\u00edtimas, de acordo com a BBC. Posteriormente, o fato foi comunicado em entrevista coletiva pelo premi\u00ea da Mal\u00e1sia, Najib Razak.\u00a0&#8220;Com profunda tristeza, devo informar que, de acordo com novas informa\u00e7\u00f5es, o voo MH370 acabou no sul do oceano \u00cdndico&#8221;, afirmou o premi\u00ea.<\/p>\n<p>O voo desapareceu no \u00faltimo dia 8 de mar\u00e7o, ap\u00f3s decolar de Kuala Lumpur com destino a Pequim, na China. Duas horas depois da decolagem, a aeronave, que transportava 227 passageiros e 12 tripulantes, sumiu dos radares. Pelo menos 26 pa\u00edses formam uma opera\u00e7\u00e3o de buscas e sat\u00e9lites de no m\u00ednimo 15 na\u00e7\u00f5es foram usados na tentativa de localizar o avi\u00e3o.<\/p>\n<p>Diversas teorias surgiram para justificar o sumi\u00e7o da aeronave, entre elas sequestro, falha humana, falha mec\u00e2nica e at\u00e9 mesmo uma desintegra\u00e7\u00e3o do avi\u00e3o em pleno ar. Foram encontrados nesta segunda dois objetos que podem ser destro\u00e7os da aeronave.<\/p>\n","protected":false},"excerpt":{"rendered":"<p>O voo MH-370 da companhia a\u00e9rea Malaysia Airlines caiu no Oceano \u00cdndico e n\u00e3o h\u00e1 sobreviventes, informou nesta segunda-feira (24) a empresa, por meio de uma mensagem de SMS, aos familiares das v\u00edtimas, de acordo com a BBC. Posteriormente, o fato foi comunicado em entrevista coletiva pelo premi\u00ea da Mal\u00e1sia, Najib Razak.\u00a0&#8220;Com profunda tristeza, devo [&hellip;]<\/p>\n","protected":false},"author":2,"featured_media":0,"comment_status":"open","ping_status":"open","sticky":false,"template":"","format":"standard","meta":{"footnotes":"","_links_to":"","_links_to_target":""},"categories":[1],"tags":[],"class_list":["post-35427","post","type-post","status-publish","format-standard","hentry","category-geral"],"views":1102,"_links":{"self":[{"href":"https:\/\/www.sudoestehoje.com.br\/novoportal\/wp-json\/wp\/v2\/posts\/35427","targetHints":{"allow":["GET"]}}],"collection":[{"href":"https:\/\/www.sudoestehoje.com.br\/novoportal\/wp-json\/wp\/v2\/posts"}],"about":[{"href":"https:\/\/www.sudoestehoje.com.br\/novoportal\/wp-json\/wp\/v2\/types\/post"}],"author":[{"embeddable":true,"href":"https:\/\/www.sudoestehoje.com.br\/novoportal\/wp-json\/wp\/v2\/users\/2"}],"replies":[{"embeddable":true,"href":"https:\/\/www.sudoestehoje.com.br\/novoportal\/wp-json\/wp\/v2\/comments?post=35427"}],"version-history":[{"count":1,"href":"https:\/\/www.sudoestehoje.com.br\/novoportal\/wp-json\/wp\/v2\/posts\/35427\/revisions"}],"predecessor-version":[{"id":35429,"href":"https:\/\/www.sudoestehoje.com.br\/novoportal\/wp-json\/wp\/v2\/posts\/35427\/revisions\/35429"}],"wp:attachment":[{"href":"https:\/\/www.sudoestehoje.com.br\/novoportal\/wp-json\/wp\/v2\/media?parent=35427"}],"wp:term":[{"taxonomy":"category","embeddable":true,"href":"https:\/\/www.sudoestehoje.com.br\/novoportal\/wp-json\/wp\/v2\/categories?post=35427"},{"taxonomy":"post_tag","embeddable":true,"href":"https:\/\/www.sudoestehoje.com.br\/novoportal\/wp-json\/wp\/v2\/tags?post=35427"}],"curies":[{"name":"wp","href":"https:\/\/api.w.org\/{rel}","templated":true}]}}