
{"id":35389,"date":"2014-03-22T19:33:38","date_gmt":"2014-03-22T22:33:38","guid":{"rendered":"http:\/\/www.sudoestehoje.com.br\/novoportal\/?p=35389"},"modified":"2014-03-22T19:33:38","modified_gmt":"2014-03-22T22:33:38","slug":"i-encontro-do-agronegocio-em-macarani-foi-um-sucesso","status":"publish","type":"post","link":"https:\/\/www.sudoestehoje.com.br\/novoportal\/2014\/03\/22\/i-encontro-do-agronegocio-em-macarani-foi-um-sucesso\/","title":{"rendered":"I ENCONTRO DO AGRONEG\u00d3CIO EM MACARANI FOI UM SUCESSO"},"content":{"rendered":"<p><img decoding=\"async\" class=\"aligncenter\" alt=\"\" src=\"https:\/\/fbcdn-sphotos-d-a.akamaihd.net\/hphotos-ak-frc3\/t1.0-9\/1979486_602954426462629_495622095_n.jpg\" width=\"500\" \/><\/p>\n<p>MACARANI: Realizado no \u00faltimo dia 15 de mar\u00e7o de 2014 no Parque Z\u00e9 Caixeiro, o I ENCONTRO DO AGRONEG\u00d3CIO foi um exemplo em organiza\u00e7\u00e3o bem como o alt\u00edssimo n\u00edvel dos palestrantes\u00a0 que transmitiram seus conhecimentos aos mais de 300 (trezentos) produtores que estiveram presentes no local.<\/p>\n<p><img decoding=\"async\" class=\"aligncenter\" alt=\"\" src=\"https:\/\/fbcdn-sphotos-b-a.akamaihd.net\/hphotos-ak-ash4\/t1.0-9\/1383012_602954636462608_532427583_n.jpg\" width=\"500\" \/><\/p>\n<p><em>&#8220;Foi trabalhoso, por\u00e9m extremamente gratificante ver a quantidade de produtores reunidos em busca de conhecimentos e novas t\u00e9cnicas na pecu\u00e1ria moderna, isso foi not\u00e1vel no olhar de cada um. Meus sinceros agradecimentos aos produtores, aos nossos parceiros, a r\u00e1dio Alian\u00e7a, ao Canal do boi que fez a cobertura do evento, ao prefeito Carlinhos, que abra\u00e7ou essa id\u00e9ia, Zeneldo Matos, Armando Porto e principalmente Kal Barros (Nelore Neon) que colaboraram para organiza\u00e7\u00e3o e realiza\u00e7\u00e3o deste grande evento. Agradecemos tamb\u00e9m aos palestrantes e, principalmente, ao Sr Rubens Catenacci \u2013 Embaixador do Bezerro de Qualidade e Rog\u00e9rio Rosalin \u2013 Fazenda 3R&#8221;<\/em>, disse o secret\u00e1rio municipal de Agricultura, Selmo Miranda.<\/p>\n<p><img decoding=\"async\" class=\"aligncenter\" alt=\"\" src=\"https:\/\/fbcdn-sphotos-g-a.akamaihd.net\/hphotos-ak-frc3\/t1.0-9\/1921955_602954986462573_1371102480_n.jpg\" width=\"500\" \/><\/p>\n<p>O Prefeito Carlinhos j\u00e1 autorizou que o Secret\u00e1rio de Agricultura e Pecu\u00e1ria Macarani, Selmo Miranda, organize o II Encontro do Agroneg\u00f3cio no ano de 2015. \u201c Um evento desse n\u00edvel \u00e9 de grande import\u00e2ncia para nossa pecu\u00e1ria, tenho \u00a0certeza que a partir deste evento, o pequeno, o m\u00e9dio e o grande produtor est\u00e3o empolgados em alavancar a nossa pecu\u00e1ria\u201d disse o prefeito Carlinhos. \u00a0Ascom<\/p>\n","protected":false},"excerpt":{"rendered":"<p>MACARANI: Realizado no \u00faltimo dia 15 de mar\u00e7o de 2014 no Parque Z\u00e9 Caixeiro, o I ENCONTRO DO AGRONEG\u00d3CIO foi um exemplo em organiza\u00e7\u00e3o bem como o alt\u00edssimo n\u00edvel dos palestrantes\u00a0 que transmitiram seus conhecimentos aos mais de 300 (trezentos) produtores que estiveram presentes no local. &#8220;Foi trabalhoso, por\u00e9m extremamente gratificante ver a quantidade de [&hellip;]<\/p>\n","protected":false},"author":2,"featured_media":0,"comment_status":"open","ping_status":"open","sticky":false,"template":"","format":"standard","meta":{"footnotes":"","_links_to":"","_links_to_target":""},"categories":[1],"tags":[],"class_list":["post-35389","post","type-post","status-publish","format-standard","hentry","category-geral"],"views":1748,"_links":{"self":[{"href":"https:\/\/www.sudoestehoje.com.br\/novoportal\/wp-json\/wp\/v2\/posts\/35389","targetHints":{"allow":["GET"]}}],"collection":[{"href":"https:\/\/www.sudoestehoje.com.br\/novoportal\/wp-json\/wp\/v2\/posts"}],"about":[{"href":"https:\/\/www.sudoestehoje.com.br\/novoportal\/wp-json\/wp\/v2\/types\/post"}],"author":[{"embeddable":true,"href":"https:\/\/www.sudoestehoje.com.br\/novoportal\/wp-json\/wp\/v2\/users\/2"}],"replies":[{"embeddable":true,"href":"https:\/\/www.sudoestehoje.com.br\/novoportal\/wp-json\/wp\/v2\/comments?post=35389"}],"version-history":[{"count":1,"href":"https:\/\/www.sudoestehoje.com.br\/novoportal\/wp-json\/wp\/v2\/posts\/35389\/revisions"}],"predecessor-version":[{"id":35390,"href":"https:\/\/www.sudoestehoje.com.br\/novoportal\/wp-json\/wp\/v2\/posts\/35389\/revisions\/35390"}],"wp:attachment":[{"href":"https:\/\/www.sudoestehoje.com.br\/novoportal\/wp-json\/wp\/v2\/media?parent=35389"}],"wp:term":[{"taxonomy":"category","embeddable":true,"href":"https:\/\/www.sudoestehoje.com.br\/novoportal\/wp-json\/wp\/v2\/categories?post=35389"},{"taxonomy":"post_tag","embeddable":true,"href":"https:\/\/www.sudoestehoje.com.br\/novoportal\/wp-json\/wp\/v2\/tags?post=35389"}],"curies":[{"name":"wp","href":"https:\/\/api.w.org\/{rel}","templated":true}]}}