
{"id":35364,"date":"2014-03-21T08:55:23","date_gmt":"2014-03-21T11:55:23","guid":{"rendered":"http:\/\/www.sudoestehoje.com.br\/novoportal\/?p=35364"},"modified":"2014-03-21T08:55:47","modified_gmt":"2014-03-21T11:55:47","slug":"lula-acredita-que-dilma-deu-tiro-no-pe-ao-falar-de-refinaria","status":"publish","type":"post","link":"https:\/\/www.sudoestehoje.com.br\/novoportal\/2014\/03\/21\/lula-acredita-que-dilma-deu-tiro-no-pe-ao-falar-de-refinaria\/","title":{"rendered":"LULA ACREDITA QUE DILMA DEU &#8220;TIRO NO P\u00c9&#8221; AO FALAR SOBRE REFINARIA"},"content":{"rendered":"<p style=\"text-align: center;\"><a href=\"http:\/\/www.sudoestehoje.com.br\/novoportal\/wp-content\/uploads\/2014\/03\/dilma-lula_folhapress2-legenda.jpg\"><img decoding=\"async\" class=\"aligncenter  wp-image-35365\" alt=\"dilma lula_folhapress2 legenda\" src=\"http:\/\/www.sudoestehoje.com.br\/novoportal\/wp-content\/uploads\/2014\/03\/dilma-lula_folhapress2-legenda.jpg\" width=\"500\" \/><\/a><\/p>\n<p>Em conversas reservadas, o ex-presidente Lula classificou como um \u2018tiro no p\u00e9\u201d as cr\u00edticas feitas por Dilma Rousseff sobre o\u00a0<strong><a href=\"http:\/\/www.bahianoticias.com.br\/noticia\/152196-dilma-escreve-nota-de-proprio-punho-por-discordar-de-comunicado-feito-pela-petrobras.html\" target=\"_blank\">embasamento t\u00e9cnico e jur\u00eddico<\/a><\/strong>\u00a0apresentado para a compra, pela Petrobras, da refinaria em Pasadena (EUA), durante seu governo, em 2006. Segundo a Folha de S. Paulo, Lula considerou errada a estrat\u00e9gia da sucessora, que teria agido por impulso, na tentativa de tirar dela o foco das investiga\u00e7\u00f5es, j\u00e1 que este \u00e9 um ano eleitoral.<\/p>\n<p>O ex-presidente entendeu que a declara\u00e7\u00e3o de Dilma trouxe para o Planalto uma crise que estava restrita \u00e0 Petrobras. Depois da repercuss\u00e3o negativa de sua fala entre aliadas, na companhia e no pr\u00f3prio governo, Dilma recuou e disse que a compra da refinaria parecia ser um neg\u00f3cio vantajoso \u00e0 \u00e9poca. Este \u00e9 o mesmo argumentado utilizado pela estatal. Tr\u00eas inst\u00e2ncias apuram a aquisi\u00e7\u00e3o da refinaria, em fun\u00e7\u00e3o do pre\u00e7o do neg\u00f3cio.<\/p>\n<p>A Petrobras pagou US$ 360 milh\u00f5es \u00e0 Astra Oil por 50% da refinaria, em 2006. Um ano antes, a empresa belga havia adquirido a unidade inteira por US$ 42,5 milh\u00f5es.<\/p>\n","protected":false},"excerpt":{"rendered":"<p>Em conversas reservadas, o ex-presidente Lula classificou como um \u2018tiro no p\u00e9\u201d as cr\u00edticas feitas por Dilma Rousseff sobre o\u00a0embasamento t\u00e9cnico e jur\u00eddico\u00a0apresentado para a compra, pela Petrobras, da refinaria em Pasadena (EUA), durante seu governo, em 2006. Segundo a Folha de S. Paulo, Lula considerou errada a estrat\u00e9gia da sucessora, que teria agido por [&hellip;]<\/p>\n","protected":false},"author":2,"featured_media":0,"comment_status":"open","ping_status":"open","sticky":false,"template":"","format":"standard","meta":{"footnotes":"","_links_to":"","_links_to_target":""},"categories":[1],"tags":[],"class_list":["post-35364","post","type-post","status-publish","format-standard","hentry","category-geral"],"views":2609,"_links":{"self":[{"href":"https:\/\/www.sudoestehoje.com.br\/novoportal\/wp-json\/wp\/v2\/posts\/35364","targetHints":{"allow":["GET"]}}],"collection":[{"href":"https:\/\/www.sudoestehoje.com.br\/novoportal\/wp-json\/wp\/v2\/posts"}],"about":[{"href":"https:\/\/www.sudoestehoje.com.br\/novoportal\/wp-json\/wp\/v2\/types\/post"}],"author":[{"embeddable":true,"href":"https:\/\/www.sudoestehoje.com.br\/novoportal\/wp-json\/wp\/v2\/users\/2"}],"replies":[{"embeddable":true,"href":"https:\/\/www.sudoestehoje.com.br\/novoportal\/wp-json\/wp\/v2\/comments?post=35364"}],"version-history":[{"count":2,"href":"https:\/\/www.sudoestehoje.com.br\/novoportal\/wp-json\/wp\/v2\/posts\/35364\/revisions"}],"predecessor-version":[{"id":35367,"href":"https:\/\/www.sudoestehoje.com.br\/novoportal\/wp-json\/wp\/v2\/posts\/35364\/revisions\/35367"}],"wp:attachment":[{"href":"https:\/\/www.sudoestehoje.com.br\/novoportal\/wp-json\/wp\/v2\/media?parent=35364"}],"wp:term":[{"taxonomy":"category","embeddable":true,"href":"https:\/\/www.sudoestehoje.com.br\/novoportal\/wp-json\/wp\/v2\/categories?post=35364"},{"taxonomy":"post_tag","embeddable":true,"href":"https:\/\/www.sudoestehoje.com.br\/novoportal\/wp-json\/wp\/v2\/tags?post=35364"}],"curies":[{"name":"wp","href":"https:\/\/api.w.org\/{rel}","templated":true}]}}