
{"id":35352,"date":"2014-03-21T00:55:19","date_gmt":"2014-03-21T03:55:19","guid":{"rendered":"http:\/\/www.sudoestehoje.com.br\/novoportal\/?p=35352"},"modified":"2014-03-21T01:44:28","modified_gmt":"2014-03-21T04:44:28","slug":"acabou-a-amizade-entre-wagner-e-nilo","status":"publish","type":"post","link":"https:\/\/www.sudoestehoje.com.br\/novoportal\/2014\/03\/21\/acabou-a-amizade-entre-wagner-e-nilo\/","title":{"rendered":"ACABOU A AMIZADE ENTRE WAGNER E NILO"},"content":{"rendered":"<p><a href=\"http:\/\/www.sudoestehoje.com.br\/novoportal\/wp-content\/uploads\/2014\/03\/Marcelo_Nilo_Jaques_Wagner_boc\u00e3o_news_agecom1.jpg\"><img loading=\"lazy\" decoding=\"async\" class=\"aligncenter size-medium wp-image-35354\" alt=\"Marcelo_Nilo_Jaques_Wagner_boc\u00e3o_news_agecom1\" src=\"http:\/\/www.sudoestehoje.com.br\/novoportal\/wp-content\/uploads\/2014\/03\/Marcelo_Nilo_Jaques_Wagner_boc\u00e3o_news_agecom1-500x382.jpg\" width=\"500\" height=\"382\" srcset=\"https:\/\/www.sudoestehoje.com.br\/novoportal\/wp-content\/uploads\/2014\/03\/Marcelo_Nilo_Jaques_Wagner_boc\u00e3o_news_agecom1-500x382.jpg 500w, https:\/\/www.sudoestehoje.com.br\/novoportal\/wp-content\/uploads\/2014\/03\/Marcelo_Nilo_Jaques_Wagner_boc\u00e3o_news_agecom1.jpg 660w\" sizes=\"auto, (max-width: 500px) 100vw, 500px\" \/><\/a><\/p>\n<p>Est\u00e3o \u201cdefinitivamente trincadas\u201d as rela\u00e7\u00f5es entre o deputado Marcelo Nilo e o governador Jaques Wagner, segundo revelou\u00a0um parlamentar governista muito pr\u00f3ximo do presidente da Assembleia Legislativa.<\/p>\n<p>A dor maior de Nilo n\u00e3o \u00e9 ter sido preterido para candidato a vice-governador, mas o fato de Wagner, a quem considerava um amigo, ter levado meses negando que houvesse uma escolha quando j\u00e1 havia decidido que a vaga seria do PP.<\/p>\n<p>\u201cSe ele tivesse chamado Marcelo em novembro e apresentado suas raz\u00f5es, Marcelo chegaria a um acordo. Mas Wagner j\u00e1 estava decidido, sem dizer nada, e deixou Marcelo sangrando a\u00ed esses meses todos\u201d, argumentou a fonte.<\/p>\n<p>DEPUTADO LIBERA PREFEITOS<!--more--><\/p>\n<p>Nilo agora est\u00e1 esperando a defini\u00e7\u00e3o do caminho que o PDT tomar\u00e1 na campanha, mas n\u00e3o acredita que o partido deixar\u00e1 de apoiar Rui Costa (PT), \u201cpor causa das coisas que o presidente Lupi tem l\u00e1 no governo federal\u201d.<\/p>\n<p>Uma coisa \u00e9 certa: Nilo n\u00e3o subir\u00e1 no palanque de Rui Costa em hip\u00f3tese alguma. Tamb\u00e9m n\u00e3o far\u00e1 campanha contra, mas liberar\u00e1, como tem feito, todos os prefeitos a ele ligados que desejem votar em outro candidato.<\/p>\n<p>O presidente da Assembleia j\u00e1 foi procurado pelos candidatos a governador Paulo Souto, Geddel Vieira Lima e L\u00eddice da Mata, al\u00e9m do prefeito ACM Neto.<\/p>\n<p>Aliado ao PSB, se ocorresse uma improv\u00e1vel coliga\u00e7\u00e3o com o PDT, haveria a possibilidade de ele ser candidato ao Senado, hip\u00f3tese em que a ministra Eliana Calmon disputaria a vice.<\/p>\n","protected":false},"excerpt":{"rendered":"<p>Est\u00e3o \u201cdefinitivamente trincadas\u201d as rela\u00e7\u00f5es entre o deputado Marcelo Nilo e o governador Jaques Wagner, segundo revelou\u00a0um parlamentar governista muito pr\u00f3ximo do presidente da Assembleia Legislativa. A dor maior de Nilo n\u00e3o \u00e9 ter sido preterido para candidato a vice-governador, mas o fato de Wagner, a quem considerava um amigo, ter levado meses negando que [&hellip;]<\/p>\n","protected":false},"author":2,"featured_media":0,"comment_status":"open","ping_status":"open","sticky":false,"template":"","format":"standard","meta":{"footnotes":"","_links_to":"","_links_to_target":""},"categories":[1],"tags":[],"class_list":["post-35352","post","type-post","status-publish","format-standard","hentry","category-geral"],"views":1186,"_links":{"self":[{"href":"https:\/\/www.sudoestehoje.com.br\/novoportal\/wp-json\/wp\/v2\/posts\/35352","targetHints":{"allow":["GET"]}}],"collection":[{"href":"https:\/\/www.sudoestehoje.com.br\/novoportal\/wp-json\/wp\/v2\/posts"}],"about":[{"href":"https:\/\/www.sudoestehoje.com.br\/novoportal\/wp-json\/wp\/v2\/types\/post"}],"author":[{"embeddable":true,"href":"https:\/\/www.sudoestehoje.com.br\/novoportal\/wp-json\/wp\/v2\/users\/2"}],"replies":[{"embeddable":true,"href":"https:\/\/www.sudoestehoje.com.br\/novoportal\/wp-json\/wp\/v2\/comments?post=35352"}],"version-history":[{"count":3,"href":"https:\/\/www.sudoestehoje.com.br\/novoportal\/wp-json\/wp\/v2\/posts\/35352\/revisions"}],"predecessor-version":[{"id":35363,"href":"https:\/\/www.sudoestehoje.com.br\/novoportal\/wp-json\/wp\/v2\/posts\/35352\/revisions\/35363"}],"wp:attachment":[{"href":"https:\/\/www.sudoestehoje.com.br\/novoportal\/wp-json\/wp\/v2\/media?parent=35352"}],"wp:term":[{"taxonomy":"category","embeddable":true,"href":"https:\/\/www.sudoestehoje.com.br\/novoportal\/wp-json\/wp\/v2\/categories?post=35352"},{"taxonomy":"post_tag","embeddable":true,"href":"https:\/\/www.sudoestehoje.com.br\/novoportal\/wp-json\/wp\/v2\/tags?post=35352"}],"curies":[{"name":"wp","href":"https:\/\/api.w.org\/{rel}","templated":true}]}}