
{"id":35340,"date":"2014-03-20T17:03:21","date_gmt":"2014-03-20T20:03:21","guid":{"rendered":"http:\/\/www.sudoestehoje.com.br\/novoportal\/?p=35340"},"modified":"2014-03-20T17:03:21","modified_gmt":"2014-03-20T20:03:21","slug":"nilo-esta-conhecendo-o-wagner-que-eu-conheci-diz-geddel","status":"publish","type":"post","link":"https:\/\/www.sudoestehoje.com.br\/novoportal\/2014\/03\/20\/nilo-esta-conhecendo-o-wagner-que-eu-conheci-diz-geddel\/","title":{"rendered":"&#8220;NILO EST\u00c1 CONHECENDO O WAGNER QUE EU CONHECI&#8221;, DIZ GEDDEL"},"content":{"rendered":"<p style=\"text-align: center;\"><a href=\"http:\/\/www.sudoestehoje.com.br\/novoportal\/wp-content\/uploads\/2014\/03\/cats-sucess\u00e3o.jpg\"><img decoding=\"async\" class=\"aligncenter  wp-image-35341\" alt=\"cats-sucess\u00e3o\" src=\"http:\/\/www.sudoestehoje.com.br\/novoportal\/wp-content\/uploads\/2014\/03\/cats-sucess\u00e3o.jpg\" width=\"500\" \/><\/a><\/p>\n<p>Pr\u00e9-candidato ao governo da Bahia, o peemedebista Geddel Vieira Lima disse nesta quinta-feira (20) que havia alertado o presidente da Assembleia Legislativa da Bahia (AL-BA), Marcelo Nilo (PDT), sobre o seu futuro como aliado do governador Jaques Wagner (PT).<\/p>\n<p>Amigo e aliado de Wagner, Nilo perdeu para o deputado federal Jo\u00e3o Le\u00e3o (PP) a disputa para ser candidato a vice na chapa do governo, encabe\u00e7ada pelo secret\u00e1rio da Casa Civil, Rui Costa. \u201cTalvez agora o Presidente Marcelo Nilo se lembre o que dizia a ele desde 2009 sobre Wagner. Ele est\u00e1 conhecendo o Wagner que eu conheci\u201d, escreveu o peemedebista em seu perfil no Twitter.<\/p>\n<p>Geddel e Wagner romperam uma alian\u00e7a pol\u00edtica em 2009. No ano seguinte, o presidente do PMDB baiano disputou elei\u00e7\u00e3o para o governo, na qual o petista acabou reeleito. Em\u00a0entrevista nesta quinta\u00a0ao programa Acorda pra Vida, da Rede Tudo FM, Nilo demonstrou sua m\u00e1goa em rela\u00e7\u00e3o ao chefe do Executivo baiano e chegou a dizer que tinha perdido a \u201cadmira\u00e7\u00e3o pol\u00edtica\u201d por Wagner. &#8220;Aproxima\u00e7\u00e3o pol\u00edtica, novamente, acho bem dif\u00edcil&#8221;, avaliou, durante o desabafo.<\/p>\n<p>Ap\u00f3s um encontro com o pedetista nesta quarta (19), o governador disse que Nilo n\u00e3o havia sinalizado\u00a0nenhuma possibilidade de ruptura\u00a0ou apoio \u00e0 oposi\u00e7\u00e3o. BN<\/p>\n","protected":false},"excerpt":{"rendered":"<p>Pr\u00e9-candidato ao governo da Bahia, o peemedebista Geddel Vieira Lima disse nesta quinta-feira (20) que havia alertado o presidente da Assembleia Legislativa da Bahia (AL-BA), Marcelo Nilo (PDT), sobre o seu futuro como aliado do governador Jaques Wagner (PT). Amigo e aliado de Wagner, Nilo perdeu para o deputado federal Jo\u00e3o Le\u00e3o (PP) a disputa [&hellip;]<\/p>\n","protected":false},"author":2,"featured_media":0,"comment_status":"open","ping_status":"open","sticky":false,"template":"","format":"standard","meta":{"footnotes":"","_links_to":"","_links_to_target":""},"categories":[1],"tags":[],"class_list":["post-35340","post","type-post","status-publish","format-standard","hentry","category-geral"],"views":1123,"_links":{"self":[{"href":"https:\/\/www.sudoestehoje.com.br\/novoportal\/wp-json\/wp\/v2\/posts\/35340","targetHints":{"allow":["GET"]}}],"collection":[{"href":"https:\/\/www.sudoestehoje.com.br\/novoportal\/wp-json\/wp\/v2\/posts"}],"about":[{"href":"https:\/\/www.sudoestehoje.com.br\/novoportal\/wp-json\/wp\/v2\/types\/post"}],"author":[{"embeddable":true,"href":"https:\/\/www.sudoestehoje.com.br\/novoportal\/wp-json\/wp\/v2\/users\/2"}],"replies":[{"embeddable":true,"href":"https:\/\/www.sudoestehoje.com.br\/novoportal\/wp-json\/wp\/v2\/comments?post=35340"}],"version-history":[{"count":1,"href":"https:\/\/www.sudoestehoje.com.br\/novoportal\/wp-json\/wp\/v2\/posts\/35340\/revisions"}],"predecessor-version":[{"id":35342,"href":"https:\/\/www.sudoestehoje.com.br\/novoportal\/wp-json\/wp\/v2\/posts\/35340\/revisions\/35342"}],"wp:attachment":[{"href":"https:\/\/www.sudoestehoje.com.br\/novoportal\/wp-json\/wp\/v2\/media?parent=35340"}],"wp:term":[{"taxonomy":"category","embeddable":true,"href":"https:\/\/www.sudoestehoje.com.br\/novoportal\/wp-json\/wp\/v2\/categories?post=35340"},{"taxonomy":"post_tag","embeddable":true,"href":"https:\/\/www.sudoestehoje.com.br\/novoportal\/wp-json\/wp\/v2\/tags?post=35340"}],"curies":[{"name":"wp","href":"https:\/\/api.w.org\/{rel}","templated":true}]}}