
{"id":35336,"date":"2014-03-20T16:44:59","date_gmt":"2014-03-20T19:44:59","guid":{"rendered":"http:\/\/www.sudoestehoje.com.br\/novoportal\/?p=35336"},"modified":"2014-03-20T16:45:57","modified_gmt":"2014-03-20T19:45:57","slug":"policia-federal-prende-ex-diretor-de-abastecimento-da-petrobras","status":"publish","type":"post","link":"https:\/\/www.sudoestehoje.com.br\/novoportal\/2014\/03\/20\/policia-federal-prende-ex-diretor-de-abastecimento-da-petrobras\/","title":{"rendered":"POL\u00cdCIA FEDERAL PRENDE EX-DIRETOR DE ABASTECIMENTO DA PETROBRAS"},"content":{"rendered":"<p><a href=\"http:\/\/www.sudoestehoje.com.br\/novoportal\/wp-content\/uploads\/2014\/03\/diretor-BR.jpg\"><img loading=\"lazy\" decoding=\"async\" class=\"size-full wp-image-35337 alignleft\" alt=\"diretor BR\" src=\"http:\/\/www.sudoestehoje.com.br\/novoportal\/wp-content\/uploads\/2014\/03\/diretor-BR.jpg\" width=\"292\" height=\"280\" \/><\/a><\/p>\n<p><strong><em>ESTAD\u00c3O<\/em><\/strong>: A Pol\u00edcia Federal prendeu nesta quinta-feira, 20, no Rio de Janeiro,\u00a0o ex-diretor de Abastecimento da Petrobr\u00e1s, Paulo Roberto da Costa, citado na Opera\u00e7\u00e3o Lava Jato, deflagrada nessa segunda-feira, 17, para desmontar organiza\u00e7\u00e3o criminosa acusada de lavagem de dinheiro no montante de R$ 10 bilh\u00f5es.<\/p>\n<p>Na segunda-feira, durante a opera\u00e7\u00e3o, a PF fez buscas na casa de Paulo Roberto da Costa e encontrou, em esp\u00e9cie, US$ 180 mil e cerca de R$ 720 mil. Ele tamb\u00e9m \u00e9 investigado pelo Minist\u00e9rio P\u00fablico Federal do Rio de Janeiro por irregularidades na\u00a0<a href=\"http:\/\/www.estadao.com.br\/noticias\/impresso,chefia-de-conselho-da-petrobras-dava-a-dilma-acesso-total-a-dados-de-refinaria,1142851,0.htm\">compra da refinaria de Pasadena<\/a>, no Texas, Estados Unidos, pela estatal brasileira. Costa foi um dos respons\u00e1veis por elaborar o contrato da compra da refinaria.<!--more--><\/p>\n<p>As investiga\u00e7\u00f5es mostram rela\u00e7\u00f5es pr\u00f3ximas do ex-executivo com\u00a0o doleiro Alberto Youssef, tamb\u00e9m preso na opera\u00e7\u00e3o e condenado no caso Banestado &#8211; evas\u00e3o para o exterior de US$ 30 bilh\u00f5es, nos anos 1990.<\/p>\n<p>Segundo a PF, Youssef teria dado em mar\u00e7o de 2013 uma Land Rover a Paulo Roberto da Costa. O ex-diretor afirmou que ganhou o ve\u00edculo por servi\u00e7os de consultoria prestados e que n\u00e3o h\u00e1 rela\u00e7\u00e3o com o cargo ent\u00e3o ocupado na estatal. Costa disse ter deixado a Petrobr\u00e1s em abril de 2012.<\/p>\n<p>A opera\u00e7\u00e3o cumpriu 24 mandados de pris\u00e3o, al\u00e9m de apreender documenta\u00e7\u00e3o, ve\u00edculos, obras de arte e joias em 17 cidades de seis Estados e no Distrito Federal. Entre os presos estava o ex-s\u00f3cio da B\u00f4nus-Banval, Enivaldo Quadrado, condenado por envolvimento no mensal\u00e3o.<\/p>\n<p><strong>Petrobr\u00e1s.<\/strong>\u00a0O\u00a0<strong>Estado<\/strong>\u00a0apurou que Paulo Roberto da Costa tinha mais poderes do que o diretor da \u00c1rea Internacional,\u00a0<a href=\"http:\/\/www.estadao.com.br\/noticias\/nacional,responsavel-por-parecer-falho-vai-para-europa,1142798,0.htm\">N\u00e9stor Cerver\u00f3<\/a>. Ele foi\u00a0apontado pela presidente Dilma Rousseff como um dos respons\u00e1veis por repassar ao Conselho de Administra\u00e7\u00e3o da Petrobras um resumo &#8220;falho&#8221; sobre a opera\u00e7\u00e3o que balizou o voto dela pela compra da refinaria.<\/p>\n<p>O ex-diretor atuou na estatal por indica\u00e7\u00e3o de uma alian\u00e7a do PP e PMDB, do grupo de Jos\u00e9 Sarney. Atualmente, ele tem empresas e uma delas aluga navios para a Petrobr\u00e1s. Para o meio pol\u00edtico, a pris\u00e3o de Paulo Roberto Costa foi considerada um recado que pode ajudar a enterrar a\u00a0<a href=\"http:\/\/www.estadao.com.br\/noticias\/nacional,oposicao-pede-a-ministerio-acesso-a-dados-sobre-compra-de-refinaria,1143046,0.htm\">abertura de uma CPI para investigar a estatal<\/a>.<\/p>\n","protected":false},"excerpt":{"rendered":"<p>ESTAD\u00c3O: A Pol\u00edcia Federal prendeu nesta quinta-feira, 20, no Rio de Janeiro,\u00a0o ex-diretor de Abastecimento da Petrobr\u00e1s, Paulo Roberto da Costa, citado na Opera\u00e7\u00e3o Lava Jato, deflagrada nessa segunda-feira, 17, para desmontar organiza\u00e7\u00e3o criminosa acusada de lavagem de dinheiro no montante de R$ 10 bilh\u00f5es. Na segunda-feira, durante a opera\u00e7\u00e3o, a PF fez buscas na [&hellip;]<\/p>\n","protected":false},"author":2,"featured_media":0,"comment_status":"open","ping_status":"open","sticky":false,"template":"","format":"standard","meta":{"footnotes":"","_links_to":"","_links_to_target":""},"categories":[1],"tags":[],"class_list":["post-35336","post","type-post","status-publish","format-standard","hentry","category-geral"],"views":1168,"_links":{"self":[{"href":"https:\/\/www.sudoestehoje.com.br\/novoportal\/wp-json\/wp\/v2\/posts\/35336","targetHints":{"allow":["GET"]}}],"collection":[{"href":"https:\/\/www.sudoestehoje.com.br\/novoportal\/wp-json\/wp\/v2\/posts"}],"about":[{"href":"https:\/\/www.sudoestehoje.com.br\/novoportal\/wp-json\/wp\/v2\/types\/post"}],"author":[{"embeddable":true,"href":"https:\/\/www.sudoestehoje.com.br\/novoportal\/wp-json\/wp\/v2\/users\/2"}],"replies":[{"embeddable":true,"href":"https:\/\/www.sudoestehoje.com.br\/novoportal\/wp-json\/wp\/v2\/comments?post=35336"}],"version-history":[{"count":2,"href":"https:\/\/www.sudoestehoje.com.br\/novoportal\/wp-json\/wp\/v2\/posts\/35336\/revisions"}],"predecessor-version":[{"id":35339,"href":"https:\/\/www.sudoestehoje.com.br\/novoportal\/wp-json\/wp\/v2\/posts\/35336\/revisions\/35339"}],"wp:attachment":[{"href":"https:\/\/www.sudoestehoje.com.br\/novoportal\/wp-json\/wp\/v2\/media?parent=35336"}],"wp:term":[{"taxonomy":"category","embeddable":true,"href":"https:\/\/www.sudoestehoje.com.br\/novoportal\/wp-json\/wp\/v2\/categories?post=35336"},{"taxonomy":"post_tag","embeddable":true,"href":"https:\/\/www.sudoestehoje.com.br\/novoportal\/wp-json\/wp\/v2\/tags?post=35336"}],"curies":[{"name":"wp","href":"https:\/\/api.w.org\/{rel}","templated":true}]}}