
{"id":35331,"date":"2014-03-20T17:20:00","date_gmt":"2014-03-20T20:20:00","guid":{"rendered":"http:\/\/www.sudoestehoje.com.br\/novoportal\/?p=35331"},"modified":"2014-03-20T17:33:58","modified_gmt":"2014-03-20T20:33:58","slug":"maximize-reune-consultores-do-projeto-centenario-de-espinheira","status":"publish","type":"post","link":"https:\/\/www.sudoestehoje.com.br\/novoportal\/2014\/03\/20\/maximize-reune-consultores-do-projeto-centenario-de-espinheira\/","title":{"rendered":"MAXIMIZE REUNE CONSULTORES DO PROJETO CENTEN\u00c1RIO DE ESPINHEIRA"},"content":{"rendered":"<p><a href=\"http:\/\/www.sudoestehoje.com.br\/novoportal\/wp-content\/uploads\/2014\/03\/Treinamento-no-Audit\u00f3rio-da-Exata-Contabilid-ade.jpg\"><img loading=\"lazy\" decoding=\"async\" class=\"aligncenter size-medium wp-image-35332\" alt=\"Treinamento no Audit\u00f3rio da Exata Contabilid ade\" src=\"http:\/\/www.sudoestehoje.com.br\/novoportal\/wp-content\/uploads\/2014\/03\/Treinamento-no-Audit\u00f3rio-da-Exata-Contabilid-ade-500x365.jpg\" width=\"500\" height=\"365\" srcset=\"https:\/\/www.sudoestehoje.com.br\/novoportal\/wp-content\/uploads\/2014\/03\/Treinamento-no-Audit\u00f3rio-da-Exata-Contabilid-ade-500x365.jpg 500w, https:\/\/www.sudoestehoje.com.br\/novoportal\/wp-content\/uploads\/2014\/03\/Treinamento-no-Audit\u00f3rio-da-Exata-Contabilid-ade-700x511.jpg 700w, https:\/\/www.sudoestehoje.com.br\/novoportal\/wp-content\/uploads\/2014\/03\/Treinamento-no-Audit\u00f3rio-da-Exata-Contabilid-ade.jpg 960w\" sizes=\"auto, (max-width: 500px) 100vw, 500px\" \/><\/a><\/p>\n<p>A MAXIMIZE LTDA, empresa organizadora do Projeto CENTEN\u00c1RIO DE ESPINHEIRA, reuniu os consultores credenciados para contatos com potenciais comendadores\u00a0 e anunciantes da Revista Centen\u00e1rio de Espinheira.<\/p>\n<p><i>\u201cNa reuni\u00e3o foram passados todos os procedimentos para que fique clara a inten\u00e7\u00e3o do Projeto, que \u00e9 marcar na hist\u00f3ria da Cidade a passagem dos 100 anos do nascimento de Jos\u00e9 Vaz Sampaio Espinheira\u201d<\/i>. Disse Maur\u00edcio Gohmes, coordenador do Projeto.<\/p>\n<p>Segundo a Dire\u00e7\u00e3o, a Revista Centen\u00e1rio de Espinheira ser\u00e1 lan\u00e7ada no dia 19 de setembro, ap\u00f3s a Cerim\u00f4nia de entrega da Comenda aos comendadores selecionados.<\/p>\n<p>At\u00e9 a data de entrega da Comenda alguns eventos marcar\u00e3o este primeiro semestre, a exemplo da realiza\u00e7\u00e3o de uma Meia Maratona; do Concurso de Poesias, que ter\u00e1 como tema o Centen\u00e1rio de Espinheira; uma Exposi\u00e7\u00e3o Fotogr\u00e1fica e o lan\u00e7amento do Selo Comemorativo 100 anos de Espinheira.<\/p>\n<p>\u201cPara ser comendador basta que o cidad\u00e3o tenha algumas das caracter\u00edsticas principais da personalidade de Espinheira, ou seja, vis\u00e3o futurista e ambi\u00e7\u00e3o pelo progresso de Itapetinga\u201d, concluiu o coordenador. Ascom<\/p>\n","protected":false},"excerpt":{"rendered":"<p>A MAXIMIZE LTDA, empresa organizadora do Projeto CENTEN\u00c1RIO DE ESPINHEIRA, reuniu os consultores credenciados para contatos com potenciais comendadores\u00a0 e anunciantes da Revista Centen\u00e1rio de Espinheira. \u201cNa reuni\u00e3o foram passados todos os procedimentos para que fique clara a inten\u00e7\u00e3o do Projeto, que \u00e9 marcar na hist\u00f3ria da Cidade a passagem dos 100 anos do nascimento [&hellip;]<\/p>\n","protected":false},"author":2,"featured_media":0,"comment_status":"open","ping_status":"open","sticky":false,"template":"","format":"standard","meta":{"footnotes":"","_links_to":"","_links_to_target":""},"categories":[1],"tags":[],"class_list":["post-35331","post","type-post","status-publish","format-standard","hentry","category-geral"],"views":1380,"_links":{"self":[{"href":"https:\/\/www.sudoestehoje.com.br\/novoportal\/wp-json\/wp\/v2\/posts\/35331","targetHints":{"allow":["GET"]}}],"collection":[{"href":"https:\/\/www.sudoestehoje.com.br\/novoportal\/wp-json\/wp\/v2\/posts"}],"about":[{"href":"https:\/\/www.sudoestehoje.com.br\/novoportal\/wp-json\/wp\/v2\/types\/post"}],"author":[{"embeddable":true,"href":"https:\/\/www.sudoestehoje.com.br\/novoportal\/wp-json\/wp\/v2\/users\/2"}],"replies":[{"embeddable":true,"href":"https:\/\/www.sudoestehoje.com.br\/novoportal\/wp-json\/wp\/v2\/comments?post=35331"}],"version-history":[{"count":2,"href":"https:\/\/www.sudoestehoje.com.br\/novoportal\/wp-json\/wp\/v2\/posts\/35331\/revisions"}],"predecessor-version":[{"id":35334,"href":"https:\/\/www.sudoestehoje.com.br\/novoportal\/wp-json\/wp\/v2\/posts\/35331\/revisions\/35334"}],"wp:attachment":[{"href":"https:\/\/www.sudoestehoje.com.br\/novoportal\/wp-json\/wp\/v2\/media?parent=35331"}],"wp:term":[{"taxonomy":"category","embeddable":true,"href":"https:\/\/www.sudoestehoje.com.br\/novoportal\/wp-json\/wp\/v2\/categories?post=35331"},{"taxonomy":"post_tag","embeddable":true,"href":"https:\/\/www.sudoestehoje.com.br\/novoportal\/wp-json\/wp\/v2\/tags?post=35331"}],"curies":[{"name":"wp","href":"https:\/\/api.w.org\/{rel}","templated":true}]}}