
{"id":35318,"date":"2014-03-19T20:31:43","date_gmt":"2014-03-19T23:31:43","guid":{"rendered":"http:\/\/www.sudoestehoje.com.br\/novoportal\/?p=35318"},"modified":"2014-03-19T20:32:25","modified_gmt":"2014-03-19T23:32:25","slug":"dilma-apoiou-compra-de-refinaria-superfaturada-nos-eua","status":"publish","type":"post","link":"https:\/\/www.sudoestehoje.com.br\/novoportal\/2014\/03\/19\/dilma-apoiou-compra-de-refinaria-superfaturada-nos-eua\/","title":{"rendered":"DILMA APROVOU COMPRA SUPERFATURADA DE REFINARIA NOS EUA"},"content":{"rendered":"<p style=\"text-align: center;\"><a href=\"http:\/\/www.sudoestehoje.com.br\/novoportal\/wp-content\/uploads\/2014\/03\/REFINARIA.jpg\"><img decoding=\"async\" class=\"aligncenter  wp-image-35319\" alt=\"REFINARIA\" src=\"http:\/\/www.sudoestehoje.com.br\/novoportal\/wp-content\/uploads\/2014\/03\/REFINARIA.jpg\" width=\"450\" \/><\/a><\/p>\n<p>Documentos publicados nesta quarta-feira (19) pelo jornal O Estado de S. Paulo revelam que a presidente Dilma Rousseff votou, em 2006, a favor da compra de 50% da refinaria de Pasadena, no Texas (EUA), pela Petrobras. Na \u00e9poca, a atual l\u00edder do Executivo era ministra da Casa Civil do governo Lula e comandava o Conselho de Administra\u00e7\u00e3o da estatal, at\u00e9 ent\u00e3o presidida pelo secret\u00e1rio de Planejamento da Bahia, Jos\u00e9 Sergio Gabrielli.<\/p>\n<p>Nesta ter\u00e7a (18), ao justificar a decis\u00e3o, a petista disse que s\u00f3 apoiou a medida porque recebeu &#8220;informa\u00e7\u00f5es incompletas&#8221; de um parecer &#8220;t\u00e9cnica e juridicamente falho&#8221;. Foi sua primeira manifesta\u00e7\u00e3o p\u00fablica sobre o tema. A aquisi\u00e7\u00e3o da refinaria \u00e9 investigada por Pol\u00edcia Federal, Tribunal de Contas da Uni\u00e3o, Minist\u00e9rio P\u00fablico e Congresso gra\u00e7as \u00e0 suspeita de que tenha havido, durante a transa\u00e7\u00e3o, superfaturamento e evas\u00e3o de divisas.<\/p>\n<p>O conselho da Petrobras autorizou, com apoio de Dilma, a compra de 50% da refinaria por US$ 360 milh\u00f5es. Posteriormente, por causa de cl\u00e1usulas do contrato, a petroleira foi obrigada a ficar com 100% da unidade, antes compartilhada com uma empresa belga. Por conta disso, a conta total da aquisi\u00e7\u00e3o ficou em US$ 1,18 bilh\u00e3o \u2013 cerca R$ 2,76 bilh\u00f5es. BN<\/p>\n","protected":false},"excerpt":{"rendered":"<p>Documentos publicados nesta quarta-feira (19) pelo jornal O Estado de S. Paulo revelam que a presidente Dilma Rousseff votou, em 2006, a favor da compra de 50% da refinaria de Pasadena, no Texas (EUA), pela Petrobras. Na \u00e9poca, a atual l\u00edder do Executivo era ministra da Casa Civil do governo Lula e comandava o Conselho [&hellip;]<\/p>\n","protected":false},"author":2,"featured_media":0,"comment_status":"open","ping_status":"open","sticky":false,"template":"","format":"standard","meta":{"footnotes":"","_links_to":"","_links_to_target":""},"categories":[1],"tags":[],"class_list":["post-35318","post","type-post","status-publish","format-standard","hentry","category-geral"],"views":1463,"_links":{"self":[{"href":"https:\/\/www.sudoestehoje.com.br\/novoportal\/wp-json\/wp\/v2\/posts\/35318","targetHints":{"allow":["GET"]}}],"collection":[{"href":"https:\/\/www.sudoestehoje.com.br\/novoportal\/wp-json\/wp\/v2\/posts"}],"about":[{"href":"https:\/\/www.sudoestehoje.com.br\/novoportal\/wp-json\/wp\/v2\/types\/post"}],"author":[{"embeddable":true,"href":"https:\/\/www.sudoestehoje.com.br\/novoportal\/wp-json\/wp\/v2\/users\/2"}],"replies":[{"embeddable":true,"href":"https:\/\/www.sudoestehoje.com.br\/novoportal\/wp-json\/wp\/v2\/comments?post=35318"}],"version-history":[{"count":2,"href":"https:\/\/www.sudoestehoje.com.br\/novoportal\/wp-json\/wp\/v2\/posts\/35318\/revisions"}],"predecessor-version":[{"id":35321,"href":"https:\/\/www.sudoestehoje.com.br\/novoportal\/wp-json\/wp\/v2\/posts\/35318\/revisions\/35321"}],"wp:attachment":[{"href":"https:\/\/www.sudoestehoje.com.br\/novoportal\/wp-json\/wp\/v2\/media?parent=35318"}],"wp:term":[{"taxonomy":"category","embeddable":true,"href":"https:\/\/www.sudoestehoje.com.br\/novoportal\/wp-json\/wp\/v2\/categories?post=35318"},{"taxonomy":"post_tag","embeddable":true,"href":"https:\/\/www.sudoestehoje.com.br\/novoportal\/wp-json\/wp\/v2\/tags?post=35318"}],"curies":[{"name":"wp","href":"https:\/\/api.w.org\/{rel}","templated":true}]}}