
{"id":35313,"date":"2014-03-19T02:51:42","date_gmt":"2014-03-19T05:51:42","guid":{"rendered":"http:\/\/www.sudoestehoje.com.br\/novoportal\/?p=35313"},"modified":"2014-03-19T02:52:01","modified_gmt":"2014-03-19T05:52:01","slug":"joao-leao-deve-ser-anunciado-vice-de-rui-costa-nesta-quarta","status":"publish","type":"post","link":"https:\/\/www.sudoestehoje.com.br\/novoportal\/2014\/03\/19\/joao-leao-deve-ser-anunciado-vice-de-rui-costa-nesta-quarta\/","title":{"rendered":"JO\u00c3O LE\u00c3O DEVE SER ANUNCIADO VICE DE RUI COSTA NESTA QUARTA"},"content":{"rendered":"<p>O cap\u00edtulo desta quarta-feira (19) pode ser o \u00faltimo da novela pela escolha do candidato a vice-governador na chapa do PT, que tem como cabe\u00e7a o chefe da Casa Civil do Estado, Rui Costa, candidato escolhido por Jaques Wagner.<\/p>\n<p><a href=\"http:\/\/www.sudoestehoje.com.br\/novoportal\/wp-content\/uploads\/2014\/03\/NILO.jpg\"><img loading=\"lazy\" decoding=\"async\" class=\"aligncenter size-medium wp-image-35314\" alt=\"NILO\" src=\"http:\/\/www.sudoestehoje.com.br\/novoportal\/wp-content\/uploads\/2014\/03\/NILO-500x178.jpg\" width=\"500\" height=\"178\" srcset=\"https:\/\/www.sudoestehoje.com.br\/novoportal\/wp-content\/uploads\/2014\/03\/NILO-500x178.jpg 500w, https:\/\/www.sudoestehoje.com.br\/novoportal\/wp-content\/uploads\/2014\/03\/NILO-700x249.jpg 700w, https:\/\/www.sudoestehoje.com.br\/novoportal\/wp-content\/uploads\/2014\/03\/NILO.jpg 1000w\" sizes=\"auto, (max-width: 500px) 100vw, 500px\" \/><\/a><\/p>\n<p>Tal qual nas novelas tradicionais, nem todos ter\u00e3o final feliz e o presidente da Assembleia Legislativa, deputado Marcelo Nilo, do PDT, \u00e9 cotado\u00a0para ser um dos que sair\u00e3o com final \u2018tr\u00e1gico\u2019. J\u00e1 considerado fora do tabuleiro, o pedetista ser reuniu com Rui Costa nesta ter\u00e7a-feira, em caf\u00e9 da manh\u00e3, e disse que eles foram \u201csinceros\u201d um com o outro, mas n\u00e3o revelou teor da conversa.<\/p>\n<p><!--more--><\/p>\n<p>Nilo disse em entrevista ao site\u00a0Bahia Not\u00edcias que n\u00e3o falar\u00e1 nada antes da conversa \u2018definitiva\u2019 com Jaques Wagner, que, segundo ele, acontece nesta quarta. \u201cN\u00e3o gostaria de falar nada que conversei com Rui j\u00e1 que o governador vai me chamar\u201d. Quem ri \u00e0 toa \u00e9 o deputado federal Jo\u00e3o Le\u00e3o, do PP. Depois de quatro meses de queda de bra\u00e7o entre seu partido e o PDT, mas com seu colega de parlamento M\u00e1rio Negromonte como nome dos progressistas, o pr\u00f3prio Wagner lan\u00e7ou seu nome em pleno carnaval de Salvador e nenhum petista esconde mais que Le\u00e3o \u00e9 o escolhido. Resta apenas o governador fazer an\u00fancio oficial.<\/p>\n<p>A Marcelo Nilo, restava apenas duas op\u00e7\u00f5es: a de se candidatar a deputado (tentar reelei\u00e7\u00e3o para estadual ou concorrer a federal) e a de passar para a chapa do PSB, que tem como cabe\u00e7a a candidatura da senadora L\u00eddice da Mata a governadora. Mas parece ter surgido mais uma. A de ele ir para a chapa DEM-PMDB-PSDB. Depois de o peemedebista Geddel Vieira Lima falar que Nilo seria \u2018bem vindo\u2019, o prefeito ACM Neto (DEM) fez as honras da casa nesta ter\u00e7a em entrevista \u00e0 r\u00e1dio Metr\u00f3pole. \u201cSe o PDT estiver aberto ao di\u00e1logo, iremos conversar, sim\u201d. Bahia 247<\/p>\n","protected":false},"excerpt":{"rendered":"<p>O cap\u00edtulo desta quarta-feira (19) pode ser o \u00faltimo da novela pela escolha do candidato a vice-governador na chapa do PT, que tem como cabe\u00e7a o chefe da Casa Civil do Estado, Rui Costa, candidato escolhido por Jaques Wagner. Tal qual nas novelas tradicionais, nem todos ter\u00e3o final feliz e o presidente da Assembleia Legislativa, [&hellip;]<\/p>\n","protected":false},"author":2,"featured_media":0,"comment_status":"open","ping_status":"open","sticky":false,"template":"","format":"standard","meta":{"footnotes":"","_links_to":"","_links_to_target":""},"categories":[1],"tags":[],"class_list":["post-35313","post","type-post","status-publish","format-standard","hentry","category-geral"],"views":1478,"_links":{"self":[{"href":"https:\/\/www.sudoestehoje.com.br\/novoportal\/wp-json\/wp\/v2\/posts\/35313","targetHints":{"allow":["GET"]}}],"collection":[{"href":"https:\/\/www.sudoestehoje.com.br\/novoportal\/wp-json\/wp\/v2\/posts"}],"about":[{"href":"https:\/\/www.sudoestehoje.com.br\/novoportal\/wp-json\/wp\/v2\/types\/post"}],"author":[{"embeddable":true,"href":"https:\/\/www.sudoestehoje.com.br\/novoportal\/wp-json\/wp\/v2\/users\/2"}],"replies":[{"embeddable":true,"href":"https:\/\/www.sudoestehoje.com.br\/novoportal\/wp-json\/wp\/v2\/comments?post=35313"}],"version-history":[{"count":2,"href":"https:\/\/www.sudoestehoje.com.br\/novoportal\/wp-json\/wp\/v2\/posts\/35313\/revisions"}],"predecessor-version":[{"id":35316,"href":"https:\/\/www.sudoestehoje.com.br\/novoportal\/wp-json\/wp\/v2\/posts\/35313\/revisions\/35316"}],"wp:attachment":[{"href":"https:\/\/www.sudoestehoje.com.br\/novoportal\/wp-json\/wp\/v2\/media?parent=35313"}],"wp:term":[{"taxonomy":"category","embeddable":true,"href":"https:\/\/www.sudoestehoje.com.br\/novoportal\/wp-json\/wp\/v2\/categories?post=35313"},{"taxonomy":"post_tag","embeddable":true,"href":"https:\/\/www.sudoestehoje.com.br\/novoportal\/wp-json\/wp\/v2\/tags?post=35313"}],"curies":[{"name":"wp","href":"https:\/\/api.w.org\/{rel}","templated":true}]}}