
{"id":35298,"date":"2014-03-18T22:54:42","date_gmt":"2014-03-19T01:54:42","guid":{"rendered":"http:\/\/www.sudoestehoje.com.br\/novoportal\/?p=35298"},"modified":"2014-03-18T23:16:33","modified_gmt":"2014-03-19T02:16:33","slug":"professor-rech-assume-reitoria-da-uesb","status":"publish","type":"post","link":"https:\/\/www.sudoestehoje.com.br\/novoportal\/2014\/03\/18\/professor-rech-assume-reitoria-da-uesb\/","title":{"rendered":"PROFESSOR RECH ASSUME REITORIA DA UESB"},"content":{"rendered":"<p><a href=\"http:\/\/www.sudoestehoje.com.br\/novoportal\/wp-content\/uploads\/2014\/03\/RECH.jpg\"><img loading=\"lazy\" decoding=\"async\" class=\"aligncenter size-medium wp-image-35300\" alt=\"RECH\" src=\"http:\/\/www.sudoestehoje.com.br\/novoportal\/wp-content\/uploads\/2014\/03\/RECH-500x331.jpg\" width=\"500\" height=\"331\" srcset=\"https:\/\/www.sudoestehoje.com.br\/novoportal\/wp-content\/uploads\/2014\/03\/RECH-500x331.jpg 500w, https:\/\/www.sudoestehoje.com.br\/novoportal\/wp-content\/uploads\/2014\/03\/RECH-700x463.jpg 700w, https:\/\/www.sudoestehoje.com.br\/novoportal\/wp-content\/uploads\/2014\/03\/RECH.jpg 750w\" sizes=\"auto, (max-width: 500px) 100vw, 500px\" \/><\/a><\/p>\n<p>O professor Jos\u00e9 Luiz Rech assume a Reitoria da Universidade Estadual do Sudoeste da Bahia (UESB) pelos pr\u00f3ximos dois meses, per\u00edodo em que acontecem \u00e0s elei\u00e7\u00f5es para a nova gest\u00e3o da universidade.\u00a0<em>\u201cEspero que a elei\u00e7\u00e3o transcorra na maior tranquilidade poss\u00edvel, at\u00e9 porque todos n\u00f3s estamos na academia, lutamos pela democracia e pelo direito de cada um. Vou fazer o esfor\u00e7o total dentro da Reitoria para que todo o pleito transcorra normalmente e tenho certeza disso, porque todos os professores nesta universidade tem o m\u00e1ximo respeito um pelo outro e isso \u00e9 favor\u00e1vel\u201d<\/em>, disse Rech em entrevista ao Blog do Anderson, nesta ter\u00e7a-feira (18), logo ap\u00f3s assumir o cargo do professor Paulo Roberto Pinto Santos que teve que se licenciar para disputar a sua reelei\u00e7\u00e3o. Os docentes Itamar Aguiar e Paulo Cairo tamb\u00e9m disputam o maior cargo da UESB.<\/p>\n","protected":false},"excerpt":{"rendered":"<p>O professor Jos\u00e9 Luiz Rech assume a Reitoria da Universidade Estadual do Sudoeste da Bahia (UESB) pelos pr\u00f3ximos dois meses, per\u00edodo em que acontecem \u00e0s elei\u00e7\u00f5es para a nova gest\u00e3o da universidade.\u00a0\u201cEspero que a elei\u00e7\u00e3o transcorra na maior tranquilidade poss\u00edvel, at\u00e9 porque todos n\u00f3s estamos na academia, lutamos pela democracia e pelo direito de cada [&hellip;]<\/p>\n","protected":false},"author":2,"featured_media":0,"comment_status":"open","ping_status":"open","sticky":false,"template":"","format":"standard","meta":{"footnotes":"","_links_to":"","_links_to_target":""},"categories":[1],"tags":[],"class_list":["post-35298","post","type-post","status-publish","format-standard","hentry","category-geral"],"views":2721,"_links":{"self":[{"href":"https:\/\/www.sudoestehoje.com.br\/novoportal\/wp-json\/wp\/v2\/posts\/35298","targetHints":{"allow":["GET"]}}],"collection":[{"href":"https:\/\/www.sudoestehoje.com.br\/novoportal\/wp-json\/wp\/v2\/posts"}],"about":[{"href":"https:\/\/www.sudoestehoje.com.br\/novoportal\/wp-json\/wp\/v2\/types\/post"}],"author":[{"embeddable":true,"href":"https:\/\/www.sudoestehoje.com.br\/novoportal\/wp-json\/wp\/v2\/users\/2"}],"replies":[{"embeddable":true,"href":"https:\/\/www.sudoestehoje.com.br\/novoportal\/wp-json\/wp\/v2\/comments?post=35298"}],"version-history":[{"count":3,"href":"https:\/\/www.sudoestehoje.com.br\/novoportal\/wp-json\/wp\/v2\/posts\/35298\/revisions"}],"predecessor-version":[{"id":35302,"href":"https:\/\/www.sudoestehoje.com.br\/novoportal\/wp-json\/wp\/v2\/posts\/35298\/revisions\/35302"}],"wp:attachment":[{"href":"https:\/\/www.sudoestehoje.com.br\/novoportal\/wp-json\/wp\/v2\/media?parent=35298"}],"wp:term":[{"taxonomy":"category","embeddable":true,"href":"https:\/\/www.sudoestehoje.com.br\/novoportal\/wp-json\/wp\/v2\/categories?post=35298"},{"taxonomy":"post_tag","embeddable":true,"href":"https:\/\/www.sudoestehoje.com.br\/novoportal\/wp-json\/wp\/v2\/tags?post=35298"}],"curies":[{"name":"wp","href":"https:\/\/api.w.org\/{rel}","templated":true}]}}