
{"id":35283,"date":"2014-03-18T12:44:59","date_gmt":"2014-03-18T15:44:59","guid":{"rendered":"http:\/\/www.sudoestehoje.com.br\/novoportal\/?p=35283"},"modified":"2014-03-18T12:44:59","modified_gmt":"2014-03-18T15:44:59","slug":"oposicao-deve-definir-candidato-ao-governo-ate-o-fim-do-mes","status":"publish","type":"post","link":"https:\/\/www.sudoestehoje.com.br\/novoportal\/2014\/03\/18\/oposicao-deve-definir-candidato-ao-governo-ate-o-fim-do-mes\/","title":{"rendered":"OPOSI\u00c7\u00c3O DEVE DEFINIR CANDIDATO AO GOVERNO AT\u00c9 O FIM DO M\u00caS"},"content":{"rendered":"<p style=\"text-align: center;\"><a href=\"http:\/\/www.sudoestehoje.com.br\/novoportal\/wp-content\/uploads\/2014\/03\/OPOSI\u00c7\u00c3O.jpg\"><img decoding=\"async\" class=\"aligncenter  wp-image-35284\" alt=\"OPOSI\u00c7\u00c3O\" src=\"http:\/\/www.sudoestehoje.com.br\/novoportal\/wp-content\/uploads\/2014\/03\/OPOSI\u00c7\u00c3O.jpg\" width=\"450\" \/><\/a><\/p>\n<p>O prefeito de Salvador, ACM Neto (DEM), dialoga pacientemente com Paulo Souto (DEM) e Geddel Vieira Lima (PMDB), dois principais nomes que disputam a cabe\u00e7a na chapa da oposi\u00e7\u00e3o ao Pal\u00e1cio de Ondina. \u201cOntem n\u00f3s tivemos v\u00e1rias conversas, encontrei pessoalmente com o ex-governador Paulo Souto e com Geddel. \u00c0s vezes, ganhar uma semana pode gerar um resultado mais s\u00f3lido\u201d, afirmou Neto durante entrevista \u00e0 r\u00e1dio Metr\u00f3pole, na manh\u00e3 desta ter\u00e7a-feira.<\/p>\n<p>Na ocasi\u00e3o, o alcaide garantiu que a defini\u00e7\u00e3o deve sair at\u00e9 o dia 31 deste m\u00eas. O democrata tamb\u00e9m afirmou que est\u00e1 aberto \u00e0s conversas, inclusive com o deputado Marcelo Nilo (PDT), presidente da Assembleia Legislativa, que deve ser preterido pelo governador Jaques Wagner (PT) \u00e0 vaga de vice de Rui Costa (PT) na chapa governista. \u201cDepois do candidato escolhido daremos a ele autoridade para conversar com quem quiser. Se o PDT estiver aberto ao dialogo, iremos conversar\u201d.<\/p>\n","protected":false},"excerpt":{"rendered":"<p>O prefeito de Salvador, ACM Neto (DEM), dialoga pacientemente com Paulo Souto (DEM) e Geddel Vieira Lima (PMDB), dois principais nomes que disputam a cabe\u00e7a na chapa da oposi\u00e7\u00e3o ao Pal\u00e1cio de Ondina. \u201cOntem n\u00f3s tivemos v\u00e1rias conversas, encontrei pessoalmente com o ex-governador Paulo Souto e com Geddel. \u00c0s vezes, ganhar uma semana pode gerar [&hellip;]<\/p>\n","protected":false},"author":2,"featured_media":0,"comment_status":"open","ping_status":"open","sticky":false,"template":"","format":"standard","meta":{"footnotes":"","_links_to":"","_links_to_target":""},"categories":[1],"tags":[],"class_list":["post-35283","post","type-post","status-publish","format-standard","hentry","category-geral"],"views":1068,"_links":{"self":[{"href":"https:\/\/www.sudoestehoje.com.br\/novoportal\/wp-json\/wp\/v2\/posts\/35283","targetHints":{"allow":["GET"]}}],"collection":[{"href":"https:\/\/www.sudoestehoje.com.br\/novoportal\/wp-json\/wp\/v2\/posts"}],"about":[{"href":"https:\/\/www.sudoestehoje.com.br\/novoportal\/wp-json\/wp\/v2\/types\/post"}],"author":[{"embeddable":true,"href":"https:\/\/www.sudoestehoje.com.br\/novoportal\/wp-json\/wp\/v2\/users\/2"}],"replies":[{"embeddable":true,"href":"https:\/\/www.sudoestehoje.com.br\/novoportal\/wp-json\/wp\/v2\/comments?post=35283"}],"version-history":[{"count":2,"href":"https:\/\/www.sudoestehoje.com.br\/novoportal\/wp-json\/wp\/v2\/posts\/35283\/revisions"}],"predecessor-version":[{"id":35286,"href":"https:\/\/www.sudoestehoje.com.br\/novoportal\/wp-json\/wp\/v2\/posts\/35283\/revisions\/35286"}],"wp:attachment":[{"href":"https:\/\/www.sudoestehoje.com.br\/novoportal\/wp-json\/wp\/v2\/media?parent=35283"}],"wp:term":[{"taxonomy":"category","embeddable":true,"href":"https:\/\/www.sudoestehoje.com.br\/novoportal\/wp-json\/wp\/v2\/categories?post=35283"},{"taxonomy":"post_tag","embeddable":true,"href":"https:\/\/www.sudoestehoje.com.br\/novoportal\/wp-json\/wp\/v2\/tags?post=35283"}],"curies":[{"name":"wp","href":"https:\/\/api.w.org\/{rel}","templated":true}]}}