
{"id":35278,"date":"2014-03-18T12:21:29","date_gmt":"2014-03-18T15:21:29","guid":{"rendered":"http:\/\/www.sudoestehoje.com.br\/novoportal\/?p=35278"},"modified":"2014-03-18T12:22:02","modified_gmt":"2014-03-18T15:22:02","slug":"adolescente-e-executado-a-tiros-no-centro-de-itapetinga","status":"publish","type":"post","link":"https:\/\/www.sudoestehoje.com.br\/novoportal\/2014\/03\/18\/adolescente-e-executado-a-tiros-no-centro-de-itapetinga\/","title":{"rendered":"ADOLESCENTE DE 14 ANOS \u00c9 EXECUTADO A TIROS NO CENTRO DE ITAPETINGA"},"content":{"rendered":"<p><a href=\"http:\/\/www.sudoestehoje.com.br\/novoportal\/wp-content\/uploads\/2014\/03\/menor.jpg\"><img loading=\"lazy\" decoding=\"async\" class=\"aligncenter size-full wp-image-35279\" alt=\"menor\" src=\"http:\/\/www.sudoestehoje.com.br\/novoportal\/wp-content\/uploads\/2014\/03\/menor.jpg\" width=\"389\" height=\"428\" \/><\/a><\/p>\n<p>Por volta de 11:50h desta segunda-feira (17), o menor Jeferson Silva Nascimento, que completaria 15 anos, foi executado com um tiro na cabe\u00e7a, no centro de Itapetinga. Ele era morador da Rua Nazar\u00e9, no Bairro Primavera, e transitava nas proximidades da rua 2 de Julho, pr\u00f3ximo ao Labor, quando dois indiv\u00edduos n\u00e3o identificados atiraram contra a v\u00edtima e evadiram em uma motocicleta.<\/p>\n<p>Jeferson j\u00e1 havia sido apreendido v\u00e1rias vezes, e era apontado como autor de v\u00e1rios roubos e furtos a estabelecimentos comerciais de Itapetinga. O corpo foi encaminhado para o IML de Vit\u00f3ria da Conquista. Informa\u00e7\u00f5es da\u00a0\u00a0<em>8\u00aa CIPM<\/em>\u00a0de\u00a0<em>Itapetinga<\/em><\/p>\n","protected":false},"excerpt":{"rendered":"<p>Por volta de 11:50h desta segunda-feira (17), o menor Jeferson Silva Nascimento, que completaria 15 anos, foi executado com um tiro na cabe\u00e7a, no centro de Itapetinga. Ele era morador da Rua Nazar\u00e9, no Bairro Primavera, e transitava nas proximidades da rua 2 de Julho, pr\u00f3ximo ao Labor, quando dois indiv\u00edduos n\u00e3o identificados atiraram contra [&hellip;]<\/p>\n","protected":false},"author":2,"featured_media":0,"comment_status":"open","ping_status":"open","sticky":false,"template":"","format":"standard","meta":{"footnotes":"","_links_to":"","_links_to_target":""},"categories":[1],"tags":[],"class_list":["post-35278","post","type-post","status-publish","format-standard","hentry","category-geral"],"views":1210,"_links":{"self":[{"href":"https:\/\/www.sudoestehoje.com.br\/novoportal\/wp-json\/wp\/v2\/posts\/35278","targetHints":{"allow":["GET"]}}],"collection":[{"href":"https:\/\/www.sudoestehoje.com.br\/novoportal\/wp-json\/wp\/v2\/posts"}],"about":[{"href":"https:\/\/www.sudoestehoje.com.br\/novoportal\/wp-json\/wp\/v2\/types\/post"}],"author":[{"embeddable":true,"href":"https:\/\/www.sudoestehoje.com.br\/novoportal\/wp-json\/wp\/v2\/users\/2"}],"replies":[{"embeddable":true,"href":"https:\/\/www.sudoestehoje.com.br\/novoportal\/wp-json\/wp\/v2\/comments?post=35278"}],"version-history":[{"count":3,"href":"https:\/\/www.sudoestehoje.com.br\/novoportal\/wp-json\/wp\/v2\/posts\/35278\/revisions"}],"predecessor-version":[{"id":35282,"href":"https:\/\/www.sudoestehoje.com.br\/novoportal\/wp-json\/wp\/v2\/posts\/35278\/revisions\/35282"}],"wp:attachment":[{"href":"https:\/\/www.sudoestehoje.com.br\/novoportal\/wp-json\/wp\/v2\/media?parent=35278"}],"wp:term":[{"taxonomy":"category","embeddable":true,"href":"https:\/\/www.sudoestehoje.com.br\/novoportal\/wp-json\/wp\/v2\/categories?post=35278"},{"taxonomy":"post_tag","embeddable":true,"href":"https:\/\/www.sudoestehoje.com.br\/novoportal\/wp-json\/wp\/v2\/tags?post=35278"}],"curies":[{"name":"wp","href":"https:\/\/api.w.org\/{rel}","templated":true}]}}