
{"id":35259,"date":"2014-03-17T21:37:53","date_gmt":"2014-03-18T00:37:53","guid":{"rendered":"http:\/\/www.sudoestehoje.com.br\/novoportal\/?p=35259"},"modified":"2014-03-17T21:37:53","modified_gmt":"2014-03-18T00:37:53","slug":"acm-neto-prefere-geddel-diz-o-jornalista-ricardo-noblat","status":"publish","type":"post","link":"https:\/\/www.sudoestehoje.com.br\/novoportal\/2014\/03\/17\/acm-neto-prefere-geddel-diz-o-jornalista-ricardo-noblat\/","title":{"rendered":"ACM NETO PREFERE GEDDEL, DIZ O JORNALISTA RICARDO NOBLAT"},"content":{"rendered":"<p style=\"text-align: center;\"><a href=\"http:\/\/www.sudoestehoje.com.br\/novoportal\/wp-content\/uploads\/2014\/03\/neto3.jpg\"><img decoding=\"async\" class=\"aligncenter  wp-image-35260\" alt=\"neto3\" src=\"http:\/\/www.sudoestehoje.com.br\/novoportal\/wp-content\/uploads\/2014\/03\/neto3.jpg\" width=\"450\" \/><\/a><\/p>\n<p>O jornalista Ricardo Noblat posta em seu\u00a0<strong><a href=\"http:\/\/oglobo.globo.com\/pais\/noblat\/posts\/2014\/03\/17\/aecio-avanca-por-ricardo-noblat-527842.asp\" target=\"_blank\">blog<\/a><\/strong>\u00a0que o peemedebista Geddel Vieira Lima ser\u00e1 o escolhido para a cabe\u00e7a da chapa das oposi\u00e7\u00f5es na Bahia.<\/p>\n<p>Seria, conforme o Blog do Noblat, o preferido do prefeito de Salvador, ACM Neto, para enfrentar o candidato governista, Rui Costa, do PT. A disputa ainda tem a senadora L\u00eddice da Mata (PSB).<\/p>\n<p>O entrave para o an\u00fancio, ainda segundo Noblat, \u00e9 Paulo Souto (DEM). O ex-governador havia anunciado sua desist\u00eancia da sucess\u00e3o de 2014, mas mudou de ideia no \u00faltimo segundo da prorroga\u00e7\u00e3o. Pimenta<\/p>\n","protected":false},"excerpt":{"rendered":"<p>O jornalista Ricardo Noblat posta em seu\u00a0blog\u00a0que o peemedebista Geddel Vieira Lima ser\u00e1 o escolhido para a cabe\u00e7a da chapa das oposi\u00e7\u00f5es na Bahia. Seria, conforme o Blog do Noblat, o preferido do prefeito de Salvador, ACM Neto, para enfrentar o candidato governista, Rui Costa, do PT. A disputa ainda tem a senadora L\u00eddice da [&hellip;]<\/p>\n","protected":false},"author":2,"featured_media":0,"comment_status":"open","ping_status":"open","sticky":false,"template":"","format":"standard","meta":{"footnotes":"","_links_to":"","_links_to_target":""},"categories":[1],"tags":[],"class_list":["post-35259","post","type-post","status-publish","format-standard","hentry","category-geral"],"views":1524,"_links":{"self":[{"href":"https:\/\/www.sudoestehoje.com.br\/novoportal\/wp-json\/wp\/v2\/posts\/35259","targetHints":{"allow":["GET"]}}],"collection":[{"href":"https:\/\/www.sudoestehoje.com.br\/novoportal\/wp-json\/wp\/v2\/posts"}],"about":[{"href":"https:\/\/www.sudoestehoje.com.br\/novoportal\/wp-json\/wp\/v2\/types\/post"}],"author":[{"embeddable":true,"href":"https:\/\/www.sudoestehoje.com.br\/novoportal\/wp-json\/wp\/v2\/users\/2"}],"replies":[{"embeddable":true,"href":"https:\/\/www.sudoestehoje.com.br\/novoportal\/wp-json\/wp\/v2\/comments?post=35259"}],"version-history":[{"count":1,"href":"https:\/\/www.sudoestehoje.com.br\/novoportal\/wp-json\/wp\/v2\/posts\/35259\/revisions"}],"predecessor-version":[{"id":35261,"href":"https:\/\/www.sudoestehoje.com.br\/novoportal\/wp-json\/wp\/v2\/posts\/35259\/revisions\/35261"}],"wp:attachment":[{"href":"https:\/\/www.sudoestehoje.com.br\/novoportal\/wp-json\/wp\/v2\/media?parent=35259"}],"wp:term":[{"taxonomy":"category","embeddable":true,"href":"https:\/\/www.sudoestehoje.com.br\/novoportal\/wp-json\/wp\/v2\/categories?post=35259"},{"taxonomy":"post_tag","embeddable":true,"href":"https:\/\/www.sudoestehoje.com.br\/novoportal\/wp-json\/wp\/v2\/tags?post=35259"}],"curies":[{"name":"wp","href":"https:\/\/api.w.org\/{rel}","templated":true}]}}