
{"id":35246,"date":"2014-03-17T00:25:48","date_gmt":"2014-03-17T03:25:48","guid":{"rendered":"http:\/\/www.sudoestehoje.com.br\/novoportal\/?p=35246"},"modified":"2014-03-17T08:38:01","modified_gmt":"2014-03-17T11:38:01","slug":"para-oposicao-nao-da-para-comemorar-queda-da-violencia-em-salvador","status":"publish","type":"post","link":"https:\/\/www.sudoestehoje.com.br\/novoportal\/2014\/03\/17\/para-oposicao-nao-da-para-comemorar-queda-da-violencia-em-salvador\/","title":{"rendered":"PARA OPOSI\u00c7\u00c3O, N\u00c3O D\u00c1 PARA COMEMORAR QUEDA DA VIOL\u00caNCIA EM SALVADOR"},"content":{"rendered":"<p>&nbsp;<\/p>\n<p style=\"text-align: left;\"><a href=\"http:\/\/www.sudoestehoje.com.br\/novoportal\/wp-content\/uploads\/2014\/03\/gaban-sandro-regis.jpg\"><img decoding=\"async\" class=\"aligncenter  wp-image-35247\" alt=\"gaban-sandro-regis\" src=\"http:\/\/www.sudoestehoje.com.br\/novoportal\/wp-content\/uploads\/2014\/03\/gaban-sandro-regis-500x295.jpg\" width=\"450\" srcset=\"https:\/\/www.sudoestehoje.com.br\/novoportal\/wp-content\/uploads\/2014\/03\/gaban-sandro-regis-500x295.jpg 500w, https:\/\/www.sudoestehoje.com.br\/novoportal\/wp-content\/uploads\/2014\/03\/gaban-sandro-regis.jpg 570w\" sizes=\"(max-width: 500px) 100vw, 500px\" \/><\/a>Enquanto o governo do estado comemora a redu\u00e7\u00e3o no \u00edndice de homic\u00eddios em Salvador, deputados estaduais da oposi\u00e7\u00e3o j\u00e1 preparam um discurso contr\u00e1rio para as elei\u00e7\u00f5es em outubro pr\u00f3ximo. Na manh\u00e3 desta quinta-feira (13), o Comit\u00ea Executivo do Pacto pela Vida apresentou dados, que de acordo com o governo s\u00e3o positivos, em rela\u00e7\u00e3o aos Crimes Violentos Letais Intencionais (CVLIs), que envolvem homic\u00eddio, latroc\u00ednio e les\u00e3o corporal seguida de morte.<br clear=\"none\" \/><br clear=\"none\" \/>Em rela\u00e7\u00e3o ao ano passado, o n\u00famero de crimes desse porte caiu em 11,7% em Salvador. Ainda de acordo com o governo no acumulado dos meses de janeiro e fevereiro deste ano, os n\u00fameros de CVLIs em Salvador continuam em queda. Do in\u00edcio do ano at\u00e9 o \u00faltimo dia 28 foram registrados 237 crimes violentos, contra 282 casos no ano passado.<br clear=\"none\" \/><br clear=\"none\" \/>Entretanto, n\u00e3o \u00e9 o que a oposi\u00e7\u00e3o acredita e contesta. De acordo com o deputado estadual Sandro R\u00e9gis (DEM), \u00e9 um desrespeito \u00e0 popula\u00e7\u00e3o baiana comemorar enquanto o estado cresce em viol\u00eancia. Para ele, o que importa n\u00e3o s\u00e3o pesquisas sem credibilidade e sim a sensa\u00e7\u00e3o da popula\u00e7\u00e3o. \u201cComo \u00e9 que um estado que todos os dias vivenciamos cenas de assaltos, mortes, pode comemorar?\u201d, questiona.<!--more--><br clear=\"none\" \/><br clear=\"none\" \/>O democrata ainda criticou a falta de a\u00e7\u00e3o governista e por priorizar outros setores. R\u00e9gis acredita que \u00e9 necess\u00e1rio investir e qualificar policiais. \u201cO governador precisa administrar o estado, o que ele n\u00e3o fez nestes sete anos. J\u00e1 pegou R$ 14 bilh\u00f5es em empr\u00e9stimos e nada fez. Agora quer mais um R$ 1 bilh\u00e3o para fazer campanha de Rui Costa\u201d.<br clear=\"none\" \/><br clear=\"none\" \/>Carlos Gaban (DEM) tamb\u00e9m afirma que n\u00e3o h\u00e1 o que se comemorar e tampouco se basear por uma pesquisa, considerada por ele, sem controle. O democrata tamb\u00e9m se baseou na sensa\u00e7\u00e3o de inseguran\u00e7a da popula\u00e7\u00e3o para criticar o governo. \u201c\u00c9 uma rela\u00e7\u00e3o ut\u00f3pica. Infelizmente o sentimento da popula\u00e7\u00e3o do estado \u00e9 cada vez mais de medo e inseguran\u00e7a, seja pelos assassinatos ou pelos arrombamentos de caixa que tem crescido constantemente\u201d.<\/p>\n<p style=\"text-align: left;\">\n","protected":false},"excerpt":{"rendered":"<p>&nbsp; Enquanto o governo do estado comemora a redu\u00e7\u00e3o no \u00edndice de homic\u00eddios em Salvador, deputados estaduais da oposi\u00e7\u00e3o j\u00e1 preparam um discurso contr\u00e1rio para as elei\u00e7\u00f5es em outubro pr\u00f3ximo. Na manh\u00e3 desta quinta-feira (13), o Comit\u00ea Executivo do Pacto pela Vida apresentou dados, que de acordo com o governo s\u00e3o positivos, em rela\u00e7\u00e3o aos [&hellip;]<\/p>\n","protected":false},"author":2,"featured_media":0,"comment_status":"open","ping_status":"open","sticky":false,"template":"","format":"standard","meta":{"footnotes":"","_links_to":"","_links_to_target":""},"categories":[1],"tags":[],"class_list":["post-35246","post","type-post","status-publish","format-standard","hentry","category-geral"],"views":1318,"_links":{"self":[{"href":"https:\/\/www.sudoestehoje.com.br\/novoportal\/wp-json\/wp\/v2\/posts\/35246","targetHints":{"allow":["GET"]}}],"collection":[{"href":"https:\/\/www.sudoestehoje.com.br\/novoportal\/wp-json\/wp\/v2\/posts"}],"about":[{"href":"https:\/\/www.sudoestehoje.com.br\/novoportal\/wp-json\/wp\/v2\/types\/post"}],"author":[{"embeddable":true,"href":"https:\/\/www.sudoestehoje.com.br\/novoportal\/wp-json\/wp\/v2\/users\/2"}],"replies":[{"embeddable":true,"href":"https:\/\/www.sudoestehoje.com.br\/novoportal\/wp-json\/wp\/v2\/comments?post=35246"}],"version-history":[{"count":3,"href":"https:\/\/www.sudoestehoje.com.br\/novoportal\/wp-json\/wp\/v2\/posts\/35246\/revisions"}],"predecessor-version":[{"id":35250,"href":"https:\/\/www.sudoestehoje.com.br\/novoportal\/wp-json\/wp\/v2\/posts\/35246\/revisions\/35250"}],"wp:attachment":[{"href":"https:\/\/www.sudoestehoje.com.br\/novoportal\/wp-json\/wp\/v2\/media?parent=35246"}],"wp:term":[{"taxonomy":"category","embeddable":true,"href":"https:\/\/www.sudoestehoje.com.br\/novoportal\/wp-json\/wp\/v2\/categories?post=35246"},{"taxonomy":"post_tag","embeddable":true,"href":"https:\/\/www.sudoestehoje.com.br\/novoportal\/wp-json\/wp\/v2\/tags?post=35246"}],"curies":[{"name":"wp","href":"https:\/\/api.w.org\/{rel}","templated":true}]}}