
{"id":35240,"date":"2014-03-17T02:59:14","date_gmt":"2014-03-17T05:59:14","guid":{"rendered":"http:\/\/www.sudoestehoje.com.br\/novoportal\/?p=35240"},"modified":"2014-03-17T08:56:17","modified_gmt":"2014-03-17T11:56:17","slug":"rodovia-esburacada-de-pocoes-a-nova-canaa-e-fechada-por-manifestantes","status":"publish","type":"post","link":"https:\/\/www.sudoestehoje.com.br\/novoportal\/2014\/03\/17\/rodovia-esburacada-de-pocoes-a-nova-canaa-e-fechada-por-manifestantes\/","title":{"rendered":"RODOVIA ESBURACADA DE PO\u00c7\u00d5ES \u00c0 NOVA CANA\u00c3 \u00c9 FECHADA POR MANIFESTANTES"},"content":{"rendered":"<p style=\"text-align: center;\"><a href=\"http:\/\/www.sudoestehoje.com.br\/novoportal\/wp-content\/uploads\/2014\/03\/Rodovia-BA-262.jpg\"><img decoding=\"async\" class=\"aligncenter  wp-image-35241\" alt=\"Rodovia-BA-262\" src=\"http:\/\/www.sudoestehoje.com.br\/novoportal\/wp-content\/uploads\/2014\/03\/Rodovia-BA-262.jpg\" width=\"450\" \/><\/a><\/p>\n<p>A buraqueira da rodovia BA-262, no trecho entre Po\u00e7\u00f5es e Nova Can\u00e3a, tem deixado os motoristas revoltados. Na manh\u00e3 desta sexta-feira (14) os manifestantes voltaram a fechar a rodovia, e desta vez o local escolhido para protestar foi na sa\u00edda de Morrinhos, distrito de Po\u00e7\u00f5es.<\/p>\n<p>Embora o governador Jaques Wagner j\u00e1 tenha &#8220;garantido&#8217; a recupera\u00e7\u00e3o da movimentada rodovia, os moradores das duas cidades continuam protestando, num sinal bem claro de que n\u00e3o acreditam mais nas promessas do &#8216;Galego&#8217;.<\/p>\n<p>Qualquer hora dessas, Wagner chega por l\u00e1 para assinar uma &#8216;ordem de servi\u00e7o&#8217;, para uma obra que nunca vai sair do papel. Podem apostar. Informa\u00e7\u00f5es Blog Adelson Meira<\/p>\n<p><strong><em>Por Davi Ferraz<\/em><\/strong><\/p>\n","protected":false},"excerpt":{"rendered":"<p>A buraqueira da rodovia BA-262, no trecho entre Po\u00e7\u00f5es e Nova Can\u00e3a, tem deixado os motoristas revoltados. Na manh\u00e3 desta sexta-feira (14) os manifestantes voltaram a fechar a rodovia, e desta vez o local escolhido para protestar foi na sa\u00edda de Morrinhos, distrito de Po\u00e7\u00f5es. Embora o governador Jaques Wagner j\u00e1 tenha &#8220;garantido&#8217; a recupera\u00e7\u00e3o [&hellip;]<\/p>\n","protected":false},"author":2,"featured_media":0,"comment_status":"open","ping_status":"open","sticky":false,"template":"","format":"standard","meta":{"footnotes":"","_links_to":"","_links_to_target":""},"categories":[1],"tags":[],"class_list":["post-35240","post","type-post","status-publish","format-standard","hentry","category-geral"],"views":1239,"_links":{"self":[{"href":"https:\/\/www.sudoestehoje.com.br\/novoportal\/wp-json\/wp\/v2\/posts\/35240","targetHints":{"allow":["GET"]}}],"collection":[{"href":"https:\/\/www.sudoestehoje.com.br\/novoportal\/wp-json\/wp\/v2\/posts"}],"about":[{"href":"https:\/\/www.sudoestehoje.com.br\/novoportal\/wp-json\/wp\/v2\/types\/post"}],"author":[{"embeddable":true,"href":"https:\/\/www.sudoestehoje.com.br\/novoportal\/wp-json\/wp\/v2\/users\/2"}],"replies":[{"embeddable":true,"href":"https:\/\/www.sudoestehoje.com.br\/novoportal\/wp-json\/wp\/v2\/comments?post=35240"}],"version-history":[{"count":5,"href":"https:\/\/www.sudoestehoje.com.br\/novoportal\/wp-json\/wp\/v2\/posts\/35240\/revisions"}],"predecessor-version":[{"id":35251,"href":"https:\/\/www.sudoestehoje.com.br\/novoportal\/wp-json\/wp\/v2\/posts\/35240\/revisions\/35251"}],"wp:attachment":[{"href":"https:\/\/www.sudoestehoje.com.br\/novoportal\/wp-json\/wp\/v2\/media?parent=35240"}],"wp:term":[{"taxonomy":"category","embeddable":true,"href":"https:\/\/www.sudoestehoje.com.br\/novoportal\/wp-json\/wp\/v2\/categories?post=35240"},{"taxonomy":"post_tag","embeddable":true,"href":"https:\/\/www.sudoestehoje.com.br\/novoportal\/wp-json\/wp\/v2\/tags?post=35240"}],"curies":[{"name":"wp","href":"https:\/\/api.w.org\/{rel}","templated":true}]}}