
{"id":35211,"date":"2014-03-17T01:12:31","date_gmt":"2014-03-17T04:12:31","guid":{"rendered":"http:\/\/www.sudoestehoje.com.br\/novoportal\/?p=35211"},"modified":"2014-03-17T03:03:41","modified_gmt":"2014-03-17T06:03:41","slug":"prognostico-i-deputados-federais-da-base-terao-luta-dura","status":"publish","type":"post","link":"https:\/\/www.sudoestehoje.com.br\/novoportal\/2014\/03\/17\/prognostico-i-deputados-federais-da-base-terao-luta-dura\/","title":{"rendered":"PROGN\u00d3STICO I: DEPUTADOS FEDERAIS DA BASE TER\u00c3O LUTA DURA"},"content":{"rendered":"<p><a href=\"http:\/\/www.sudoestehoje.com.br\/novoportal\/wp-content\/uploads\/2014\/03\/pt-dividido.jpg\"><img loading=\"lazy\" decoding=\"async\" class=\"aligncenter size-medium wp-image-35214\" alt=\"pt dividido\" src=\"http:\/\/www.sudoestehoje.com.br\/novoportal\/wp-content\/uploads\/2014\/03\/pt-dividido-500x333.jpg\" width=\"500\" height=\"333\" srcset=\"https:\/\/www.sudoestehoje.com.br\/novoportal\/wp-content\/uploads\/2014\/03\/pt-dividido-500x333.jpg 500w, https:\/\/www.sudoestehoje.com.br\/novoportal\/wp-content\/uploads\/2014\/03\/pt-dividido-700x467.jpg 700w, https:\/\/www.sudoestehoje.com.br\/novoportal\/wp-content\/uploads\/2014\/03\/pt-dividido.jpg 930w\" sizes=\"auto, (max-width: 500px) 100vw, 500px\" \/><\/a><\/p>\n<p>Os progn\u00f3sticos eleitorais mostram que vai ser dura na base do governo a reelei\u00e7\u00e3o de deputados federais, estimando-se que ter\u00e3o \u00eaxito no m\u00e1ximo 26, dois ter\u00e7os da bancada baiana, que por sua vez dever\u00e1 ser renovada em dez dos seus integrantes.<\/p>\n<p>As aten\u00e7\u00f5es, naturalmente, se voltam para o PT, que tem um quarto do total dos parlamentares, embora dois deles n\u00e3o v\u00e3o disputar a reelei\u00e7\u00e3o: Rui Costa, candidato ao governo do Estado, e Zez\u00e9u Ribeiro, este ap\u00f3s tr\u00eas mandatos.<\/p>\n<p>Os oito que tentar\u00e3o permanecer na C\u00e2mara s\u00e3o Nelson Pelegrino, Luiz Alberto, Amauri Teixeira, Waldenor Pereira, Valmir Assun\u00e7\u00e3o, Geraldo Sim\u00f5es, Josias Gomes e Afonso Florence.<\/p>\n<p>Dentro do partido, ter\u00e3o de enfrentar a concorr\u00eancia, entre outros, dos secret\u00e1rios Robinson Almeida e Moema Gramacho, do ex-secret\u00e1rio Jorge Solla e do ex-prefeito Luiz Caetano, al\u00e9m do deputado estadual Yulo Oiticica.<\/p>\n","protected":false},"excerpt":{"rendered":"<p>Os progn\u00f3sticos eleitorais mostram que vai ser dura na base do governo a reelei\u00e7\u00e3o de deputados federais, estimando-se que ter\u00e3o \u00eaxito no m\u00e1ximo 26, dois ter\u00e7os da bancada baiana, que por sua vez dever\u00e1 ser renovada em dez dos seus integrantes. As aten\u00e7\u00f5es, naturalmente, se voltam para o PT, que tem um quarto do total [&hellip;]<\/p>\n","protected":false},"author":2,"featured_media":0,"comment_status":"open","ping_status":"open","sticky":false,"template":"","format":"standard","meta":{"footnotes":"","_links_to":"","_links_to_target":""},"categories":[1],"tags":[],"class_list":["post-35211","post","type-post","status-publish","format-standard","hentry","category-geral"],"views":1449,"_links":{"self":[{"href":"https:\/\/www.sudoestehoje.com.br\/novoportal\/wp-json\/wp\/v2\/posts\/35211","targetHints":{"allow":["GET"]}}],"collection":[{"href":"https:\/\/www.sudoestehoje.com.br\/novoportal\/wp-json\/wp\/v2\/posts"}],"about":[{"href":"https:\/\/www.sudoestehoje.com.br\/novoportal\/wp-json\/wp\/v2\/types\/post"}],"author":[{"embeddable":true,"href":"https:\/\/www.sudoestehoje.com.br\/novoportal\/wp-json\/wp\/v2\/users\/2"}],"replies":[{"embeddable":true,"href":"https:\/\/www.sudoestehoje.com.br\/novoportal\/wp-json\/wp\/v2\/comments?post=35211"}],"version-history":[{"count":3,"href":"https:\/\/www.sudoestehoje.com.br\/novoportal\/wp-json\/wp\/v2\/posts\/35211\/revisions"}],"predecessor-version":[{"id":35215,"href":"https:\/\/www.sudoestehoje.com.br\/novoportal\/wp-json\/wp\/v2\/posts\/35211\/revisions\/35215"}],"wp:attachment":[{"href":"https:\/\/www.sudoestehoje.com.br\/novoportal\/wp-json\/wp\/v2\/media?parent=35211"}],"wp:term":[{"taxonomy":"category","embeddable":true,"href":"https:\/\/www.sudoestehoje.com.br\/novoportal\/wp-json\/wp\/v2\/categories?post=35211"},{"taxonomy":"post_tag","embeddable":true,"href":"https:\/\/www.sudoestehoje.com.br\/novoportal\/wp-json\/wp\/v2\/tags?post=35211"}],"curies":[{"name":"wp","href":"https:\/\/api.w.org\/{rel}","templated":true}]}}