
{"id":35204,"date":"2014-03-17T00:27:52","date_gmt":"2014-03-17T03:27:52","guid":{"rendered":"http:\/\/www.sudoestehoje.com.br\/novoportal\/?p=35204"},"modified":"2014-03-17T00:43:11","modified_gmt":"2014-03-17T03:43:11","slug":"itarantim-secretaria-de-saude-inicia-vacinacao-contra-o-hpv","status":"publish","type":"post","link":"https:\/\/www.sudoestehoje.com.br\/novoportal\/2014\/03\/17\/itarantim-secretaria-de-saude-inicia-vacinacao-contra-o-hpv\/","title":{"rendered":"ITARANTIM: SECRETARIA DE SA\u00daDE INICIA VACINA\u00c7\u00c3O CONTRA O HPV"},"content":{"rendered":"<p><a href=\"http:\/\/www.sudoestehoje.com.br\/novoportal\/wp-content\/uploads\/2014\/03\/hpv.jpg\"><img loading=\"lazy\" decoding=\"async\" class=\"aligncenter size-medium wp-image-35205\" alt=\"hpv\" src=\"http:\/\/www.sudoestehoje.com.br\/novoportal\/wp-content\/uploads\/2014\/03\/hpv-500x375.jpg\" width=\"500\" height=\"375\" srcset=\"https:\/\/www.sudoestehoje.com.br\/novoportal\/wp-content\/uploads\/2014\/03\/hpv-500x375.jpg 500w, https:\/\/www.sudoestehoje.com.br\/novoportal\/wp-content\/uploads\/2014\/03\/hpv-700x525.jpg 700w, https:\/\/www.sudoestehoje.com.br\/novoportal\/wp-content\/uploads\/2014\/03\/hpv.jpg 1200w\" sizes=\"auto, (max-width: 500px) 100vw, 500px\" \/><\/a><\/p>\n<p>A Secretaria da Sa\u00fade de Itarantim iniciou na \u00faltima segunda-feira (10), a Campanha de Vacina\u00e7\u00e3o contra o c\u00e2ncer de colo de \u00fatero (HPV), em garotas de 11 a 13 anos de idade. A meta \u00e9 atingir 80% do p\u00fablico-alvo, cerca de 518 meninas.<\/p>\n<p>A parceria com a Secretaria de Educa\u00e7\u00e3o, t\u00eam sido relevante nesta campanha. Na tentativa de sensibilizar os pais e alunos, a Secretaria Municipal de Sa\u00fade, repassou material informativo impresso \u00e0 todas as escolas do munic\u00edpio.\u00a0A coordenadora de Imuniza\u00e7\u00e3o, Daniela Rocha , explica que a vacina ser\u00e1 feita nas escolas p\u00fablicas, particulares e nas Unidades B\u00e1sicas de Sa\u00fade.<!--more--><\/p>\n<p>Tamb\u00e9m informa que o calend\u00e1rio da vacina contra o v\u00edrus HPV foi dividido em tr\u00eas etapas por apresentar melhor resultado: \u201c \u00c0 medida que expandimos esse espa\u00e7o entre as doses, seguramente aumentaremos a efic\u00e1cia da vacina\u201d. Assim, cada adolescente dever\u00e1 tomar tr\u00eas doses para completar o esquema de prote\u00e7\u00e3o, sendo a segunda aplicada depois de seis meses, e a \u00faltima, cinco anos ap\u00f3s a primeira dose.<\/p>\n<p>Na vacina\u00e7\u00e3o nas escolas, as meninas precisar\u00e3o da autoriza\u00e7\u00e3o da fam\u00edlia. Os pais que n\u00e3o autorizarem ter\u00e3o de assinar o termo de recusa.\u00a0Na \u00faltima sta quarta-feira (12), a equipe de imuniza\u00e7\u00e3o esteve presente no Col\u00e9gio Lourival Souto onde vacinou aproximadamente 100 meninas.\u00a0\u201cA aceita\u00e7\u00e3o da vacina tem sido boa por parte dos pais e adolescentes, certamente alcan\u00e7aremos uma boa cobertura em nosso munic\u00edpio\u201d, diz a coordenadora de imuniza\u00e7\u00e3o. \u00a0Ascom<\/p>\n","protected":false},"excerpt":{"rendered":"<p>A Secretaria da Sa\u00fade de Itarantim iniciou na \u00faltima segunda-feira (10), a Campanha de Vacina\u00e7\u00e3o contra o c\u00e2ncer de colo de \u00fatero (HPV), em garotas de 11 a 13 anos de idade. A meta \u00e9 atingir 80% do p\u00fablico-alvo, cerca de 518 meninas. A parceria com a Secretaria de Educa\u00e7\u00e3o, t\u00eam sido relevante nesta campanha. [&hellip;]<\/p>\n","protected":false},"author":2,"featured_media":0,"comment_status":"open","ping_status":"open","sticky":false,"template":"","format":"standard","meta":{"footnotes":"","_links_to":"","_links_to_target":""},"categories":[1],"tags":[],"class_list":["post-35204","post","type-post","status-publish","format-standard","hentry","category-geral"],"views":3122,"_links":{"self":[{"href":"https:\/\/www.sudoestehoje.com.br\/novoportal\/wp-json\/wp\/v2\/posts\/35204","targetHints":{"allow":["GET"]}}],"collection":[{"href":"https:\/\/www.sudoestehoje.com.br\/novoportal\/wp-json\/wp\/v2\/posts"}],"about":[{"href":"https:\/\/www.sudoestehoje.com.br\/novoportal\/wp-json\/wp\/v2\/types\/post"}],"author":[{"embeddable":true,"href":"https:\/\/www.sudoestehoje.com.br\/novoportal\/wp-json\/wp\/v2\/users\/2"}],"replies":[{"embeddable":true,"href":"https:\/\/www.sudoestehoje.com.br\/novoportal\/wp-json\/wp\/v2\/comments?post=35204"}],"version-history":[{"count":4,"href":"https:\/\/www.sudoestehoje.com.br\/novoportal\/wp-json\/wp\/v2\/posts\/35204\/revisions"}],"predecessor-version":[{"id":35209,"href":"https:\/\/www.sudoestehoje.com.br\/novoportal\/wp-json\/wp\/v2\/posts\/35204\/revisions\/35209"}],"wp:attachment":[{"href":"https:\/\/www.sudoestehoje.com.br\/novoportal\/wp-json\/wp\/v2\/media?parent=35204"}],"wp:term":[{"taxonomy":"category","embeddable":true,"href":"https:\/\/www.sudoestehoje.com.br\/novoportal\/wp-json\/wp\/v2\/categories?post=35204"},{"taxonomy":"post_tag","embeddable":true,"href":"https:\/\/www.sudoestehoje.com.br\/novoportal\/wp-json\/wp\/v2\/tags?post=35204"}],"curies":[{"name":"wp","href":"https:\/\/api.w.org\/{rel}","templated":true}]}}