
{"id":35200,"date":"2014-03-17T00:08:15","date_gmt":"2014-03-17T03:08:15","guid":{"rendered":"http:\/\/www.sudoestehoje.com.br\/novoportal\/?p=35200"},"modified":"2014-03-17T01:33:29","modified_gmt":"2014-03-17T04:33:29","slug":"pmdb-teme-repetir-derrocada-do-dem","status":"publish","type":"post","link":"https:\/\/www.sudoestehoje.com.br\/novoportal\/2014\/03\/17\/pmdb-teme-repetir-derrocada-do-dem\/","title":{"rendered":"PMDB TEME REPETIR DERROCADA DO DEM"},"content":{"rendered":"<p style=\"text-align: center;\"><a href=\"http:\/\/www.sudoestehoje.com.br\/novoportal\/wp-content\/uploads\/2014\/03\/pt_pmdb2.jpg\"><img loading=\"lazy\" decoding=\"async\" class=\"aligncenter  wp-image-35202\" alt=\"pt_pmdb2\" src=\"http:\/\/www.sudoestehoje.com.br\/novoportal\/wp-content\/uploads\/2014\/03\/pt_pmdb2.jpg\" width=\"500\" height=\"300\" \/><\/a><\/p>\n<p>A revolta do PMDB com o modo como \u00e9 tratado pela presidente Dilma Rousseff tem na sua concep\u00e7\u00e3o o temor de que aconte\u00e7a com o partido o mesmo que ocorreu com o antigo PFL. O l\u00edder da bancada peemedebista na C\u00e2mara, Eduardo Cunha (RJ), \u00e9 um dos que propagam a tese. \u201cEstamos virando o PFL do PT. O reflexo mais forte \u00e9 na C\u00e2mara, porque \u00e9 aqui que se divide o tempo de TV e assim eles precisar\u00e3o cada vez menos dos aliados\u201d, afirma.<\/p>\n<p>A extinta sigla \u2013 hoje DEM \u2013 chegou a ter o maior n\u00famero de deputados na C\u00e2mara na d\u00e9cada de 90, mas abriu m\u00e3o do protagonismo nacional e nos Estados para apoiar e se tornar o principal aliado do governo Fernando Henrique Cardoso (PSDB). A dobradinha foi permanente entre as elei\u00e7\u00f5es de 1994 e 2010. O PFL acabou tendo de mudar de nome para tentar se renovar e hoje soma apenas 27 deputados, um quarto do que j\u00e1 teve.<!--more--><\/p>\n<p>Com isso, o apoio que antes era car\u00edssimo aos tucanos atualmente \u00e9 tratado como dispens\u00e1vel. Neste ano, por exemplo, n\u00e3o existe garantia nenhuma de que o DEM possa indicar um nome para disputar a vice-presid\u00eancia na chapa do senador tucano A\u00e9cio Neves (MG).<\/p>\n<p>\u201cO PMDB \u00e9 um atento observador da cena e percebeu o plano em curso do PT. Agora, o PMDB est\u00e1 botando o p\u00e9 no bucho (dos petistas)\u201d, diz, ao avaliar a situa\u00e7\u00e3o do PMDB, o presidente do DEM, senador Jos\u00e9 Agripino (RN). Agripino relata sua sensa\u00e7\u00e3o de \u201cj\u00e1 vi esse filme antes\u201d. \u201cO PFL foi perdendo o protagonismo quando aceitou entrar na vice-presid\u00eancia em 1994, com Marco Maciel, no (governo) Fernando Henrique Cardoso. Fomos cedendo espa\u00e7o sucessivamente. E esse \u00e9 o plano estrat\u00e9gico do PT: tomar espa\u00e7o.\u201d<\/p>\n<p>Agripino afirma que o DEM, no passado, \u201cn\u00e3o fez o dever de casa, n\u00e3o trabalhou para se fortalecer regionalmente e cometeu o grave erro de n\u00e3o se fazer valer nos Estados onde tinha mais for\u00e7a, como Minas Gerais e Paran\u00e1, por exemplo, perdendo espa\u00e7o para os tucanos em nome da alian\u00e7a\u201d. As informa\u00e7\u00f5es s\u00e3o do jornal O Estado de S. Paulo.<\/p>\n","protected":false},"excerpt":{"rendered":"<p>A revolta do PMDB com o modo como \u00e9 tratado pela presidente Dilma Rousseff tem na sua concep\u00e7\u00e3o o temor de que aconte\u00e7a com o partido o mesmo que ocorreu com o antigo PFL. O l\u00edder da bancada peemedebista na C\u00e2mara, Eduardo Cunha (RJ), \u00e9 um dos que propagam a tese. \u201cEstamos virando o PFL [&hellip;]<\/p>\n","protected":false},"author":2,"featured_media":0,"comment_status":"open","ping_status":"open","sticky":false,"template":"","format":"standard","meta":{"footnotes":"","_links_to":"","_links_to_target":""},"categories":[1],"tags":[],"class_list":["post-35200","post","type-post","status-publish","format-standard","hentry","category-geral"],"views":1308,"_links":{"self":[{"href":"https:\/\/www.sudoestehoje.com.br\/novoportal\/wp-json\/wp\/v2\/posts\/35200","targetHints":{"allow":["GET"]}}],"collection":[{"href":"https:\/\/www.sudoestehoje.com.br\/novoportal\/wp-json\/wp\/v2\/posts"}],"about":[{"href":"https:\/\/www.sudoestehoje.com.br\/novoportal\/wp-json\/wp\/v2\/types\/post"}],"author":[{"embeddable":true,"href":"https:\/\/www.sudoestehoje.com.br\/novoportal\/wp-json\/wp\/v2\/users\/2"}],"replies":[{"embeddable":true,"href":"https:\/\/www.sudoestehoje.com.br\/novoportal\/wp-json\/wp\/v2\/comments?post=35200"}],"version-history":[{"count":4,"href":"https:\/\/www.sudoestehoje.com.br\/novoportal\/wp-json\/wp\/v2\/posts\/35200\/revisions"}],"predecessor-version":[{"id":35220,"href":"https:\/\/www.sudoestehoje.com.br\/novoportal\/wp-json\/wp\/v2\/posts\/35200\/revisions\/35220"}],"wp:attachment":[{"href":"https:\/\/www.sudoestehoje.com.br\/novoportal\/wp-json\/wp\/v2\/media?parent=35200"}],"wp:term":[{"taxonomy":"category","embeddable":true,"href":"https:\/\/www.sudoestehoje.com.br\/novoportal\/wp-json\/wp\/v2\/categories?post=35200"},{"taxonomy":"post_tag","embeddable":true,"href":"https:\/\/www.sudoestehoje.com.br\/novoportal\/wp-json\/wp\/v2\/tags?post=35200"}],"curies":[{"name":"wp","href":"https:\/\/api.w.org\/{rel}","templated":true}]}}