
{"id":35195,"date":"2014-03-15T22:30:03","date_gmt":"2014-03-16T01:30:03","guid":{"rendered":"http:\/\/www.sudoestehoje.com.br\/novoportal\/?p=35195"},"modified":"2014-03-15T22:30:03","modified_gmt":"2014-03-16T01:30:03","slug":"celulares-piratas-comecam-a-ser-bloqueados-a-partir-de-segunda-feira","status":"publish","type":"post","link":"https:\/\/www.sudoestehoje.com.br\/novoportal\/2014\/03\/15\/celulares-piratas-comecam-a-ser-bloqueados-a-partir-de-segunda-feira\/","title":{"rendered":"CELULARES PIRATAS COME\u00c7AM A SER BLOQUEADOS A PARTIR DE SEGUNDA-FEIRA"},"content":{"rendered":"<p style=\"text-align: center;\"><a href=\"http:\/\/www.sudoestehoje.com.br\/novoportal\/wp-content\/uploads\/2014\/03\/CELULAR-PIRATA.jpg\"><img decoding=\"async\" class=\"wp-image-35197 alignleft\" alt=\"CELULAR PIRATA\" src=\"http:\/\/www.sudoestehoje.com.br\/novoportal\/wp-content\/uploads\/2014\/03\/CELULAR-PIRATA.jpg\" width=\"300\" \/><\/a><\/p>\n<p>Come\u00e7a a funcionar na segunda-feira (17) o sistema desenvolvido pelas operadoras brasileiras para bloquear no pa\u00eds aparelhos como celulares e tablets, piratas ou mesmo originais, que n\u00e3o possuem certifica\u00e7\u00e3o da Anatel (Ag\u00eancia Nacional de Telecomunica\u00e7\u00f5es). Por\u00e9m, esses eletr\u00f4nicos v\u00e3o continuar a funcionar normalmente pelo menos at\u00e9 setembro, quando as desativa\u00e7\u00f5es devem efetivamente come\u00e7ar. At\u00e9 l\u00e1, o sistema vai apenas montar um banco de dados com informa\u00e7\u00f5es sobre os equipamentos em uso no Brasil.<\/p>\n<p>A cria\u00e7\u00e3o do Sistema Integrado de Gest\u00e3o de Aparelhos (Siga), que vai permitir o bloqueio, atende a lei do setor de telecomunica\u00e7\u00f5es que diz que s\u00f3 podem funcionar aqui aparelhos homologados pela Anatel, ou seja, que comprovam o cumprimento de algumas exig\u00eancias t\u00e9cnicas e, por isso, recebem um selo da ag\u00eancia.<\/p>\n<p>Este selo pode ser encontrado nas embalagens ou nos pr\u00f3prios aparelhos e a Anatel orienta os consumidores a confirmar a presen\u00e7a dele antes da compra. (G1)<\/p>\n","protected":false},"excerpt":{"rendered":"<p>Come\u00e7a a funcionar na segunda-feira (17) o sistema desenvolvido pelas operadoras brasileiras para bloquear no pa\u00eds aparelhos como celulares e tablets, piratas ou mesmo originais, que n\u00e3o possuem certifica\u00e7\u00e3o da Anatel (Ag\u00eancia Nacional de Telecomunica\u00e7\u00f5es). Por\u00e9m, esses eletr\u00f4nicos v\u00e3o continuar a funcionar normalmente pelo menos at\u00e9 setembro, quando as desativa\u00e7\u00f5es devem efetivamente come\u00e7ar. At\u00e9 l\u00e1, [&hellip;]<\/p>\n","protected":false},"author":2,"featured_media":0,"comment_status":"open","ping_status":"open","sticky":false,"template":"","format":"standard","meta":{"footnotes":"","_links_to":"","_links_to_target":""},"categories":[1],"tags":[],"class_list":["post-35195","post","type-post","status-publish","format-standard","hentry","category-geral"],"views":1470,"_links":{"self":[{"href":"https:\/\/www.sudoestehoje.com.br\/novoportal\/wp-json\/wp\/v2\/posts\/35195","targetHints":{"allow":["GET"]}}],"collection":[{"href":"https:\/\/www.sudoestehoje.com.br\/novoportal\/wp-json\/wp\/v2\/posts"}],"about":[{"href":"https:\/\/www.sudoestehoje.com.br\/novoportal\/wp-json\/wp\/v2\/types\/post"}],"author":[{"embeddable":true,"href":"https:\/\/www.sudoestehoje.com.br\/novoportal\/wp-json\/wp\/v2\/users\/2"}],"replies":[{"embeddable":true,"href":"https:\/\/www.sudoestehoje.com.br\/novoportal\/wp-json\/wp\/v2\/comments?post=35195"}],"version-history":[{"count":2,"href":"https:\/\/www.sudoestehoje.com.br\/novoportal\/wp-json\/wp\/v2\/posts\/35195\/revisions"}],"predecessor-version":[{"id":35198,"href":"https:\/\/www.sudoestehoje.com.br\/novoportal\/wp-json\/wp\/v2\/posts\/35195\/revisions\/35198"}],"wp:attachment":[{"href":"https:\/\/www.sudoestehoje.com.br\/novoportal\/wp-json\/wp\/v2\/media?parent=35195"}],"wp:term":[{"taxonomy":"category","embeddable":true,"href":"https:\/\/www.sudoestehoje.com.br\/novoportal\/wp-json\/wp\/v2\/categories?post=35195"},{"taxonomy":"post_tag","embeddable":true,"href":"https:\/\/www.sudoestehoje.com.br\/novoportal\/wp-json\/wp\/v2\/tags?post=35195"}],"curies":[{"name":"wp","href":"https:\/\/api.w.org\/{rel}","templated":true}]}}