
{"id":3511,"date":"2011-02-19T10:02:01","date_gmt":"2011-02-19T13:02:01","guid":{"rendered":"http:\/\/www.sudoestehoje.com.br\/novoportal\/?p=3511"},"modified":"2011-02-19T10:02:01","modified_gmt":"2011-02-19T13:02:01","slug":"wagner-sugere-a-volta-da-cpmf","status":"publish","type":"post","link":"https:\/\/www.sudoestehoje.com.br\/novoportal\/2011\/02\/19\/wagner-sugere-a-volta-da-cpmf\/","title":{"rendered":"WAGNER SUGERE A VOLTA DA CPMF"},"content":{"rendered":"<p style=\"text-align: center;\"><img decoding=\"async\" class=\"aligncenter\" src=\"http:\/\/3.bp.blogspot.com\/_jHXHGdmvSiU\/R0w0cVT3qKI\/AAAAAAAAAdU\/VPJsSpbGU1g\/s400\/cpmf4.gif\" alt=\"\" \/><\/p>\n<p style=\"text-align: center;\"><em>Wagner faz coro ao projeto de Dilma que quer a volta da CPMF<\/em><\/p>\n<p>\u00a0<\/p>\n<p>O governador Jacques Wagner\u00a0 defendeu, na manh\u00e3 dessa sexta (18),a cria\u00e7\u00e3o de uma contribui\u00e7\u00e3o espec\u00edfica (CPMF?) para financiar os servi\u00e7os de sa\u00fade.\u00a0Segundo o governador: \u201c<em>O rem\u00e9dio pode parecer amargo, mas vai ser doce para quem, no final, precisar de um hospital ou do Samu<\/em>\u201d.<\/p>\n<p>Ao lado do ministro da sa\u00fade, Alexandre Padilha, Jacques Wagner\u00a0 entregou 34 ambul\u00e2ncias do Servi\u00e7o de Atendimento M\u00f3vel de Urg\u00eancia (Samu-192), que ser\u00e3o distribuidas para algumas cidades, incluido Vit\u00f3ria da Conquista e\u00a0Ilh\u00e9us. Para Itapetinga, s\u00f3 se for de &#8216;segunda m\u00e3o&#8217;.<\/p>\n<p>Quanto ao retorno da CPMF, n\u00e3o vai resolver o grave problema da sa\u00fade p\u00fablica no Brasil. O filme \u00e9 velho e todo mundo j\u00e1 assistiu: o governo arrecada, aplica em outras \u00e1reas e a sa\u00fade continua na mesma&#8230;<\/p>\n<p>Da Reda\u00e7\u00e3o<\/p>\n","protected":false},"excerpt":{"rendered":"<p>Wagner faz coro ao projeto de Dilma que quer a volta da CPMF \u00a0 O governador Jacques Wagner\u00a0 defendeu, na manh\u00e3 dessa sexta (18),a cria\u00e7\u00e3o de uma contribui\u00e7\u00e3o espec\u00edfica (CPMF?) para financiar os servi\u00e7os de sa\u00fade.\u00a0Segundo o governador: \u201cO rem\u00e9dio pode parecer amargo, mas vai ser doce para quem, no final, precisar de um hospital [&hellip;]<\/p>\n","protected":false},"author":2,"featured_media":0,"comment_status":"open","ping_status":"open","sticky":false,"template":"","format":"standard","meta":{"footnotes":"","_links_to":"","_links_to_target":""},"categories":[1],"tags":[],"class_list":["post-3511","post","type-post","status-publish","format-standard","hentry","category-geral"],"views":1201,"_links":{"self":[{"href":"https:\/\/www.sudoestehoje.com.br\/novoportal\/wp-json\/wp\/v2\/posts\/3511","targetHints":{"allow":["GET"]}}],"collection":[{"href":"https:\/\/www.sudoestehoje.com.br\/novoportal\/wp-json\/wp\/v2\/posts"}],"about":[{"href":"https:\/\/www.sudoestehoje.com.br\/novoportal\/wp-json\/wp\/v2\/types\/post"}],"author":[{"embeddable":true,"href":"https:\/\/www.sudoestehoje.com.br\/novoportal\/wp-json\/wp\/v2\/users\/2"}],"replies":[{"embeddable":true,"href":"https:\/\/www.sudoestehoje.com.br\/novoportal\/wp-json\/wp\/v2\/comments?post=3511"}],"version-history":[{"count":3,"href":"https:\/\/www.sudoestehoje.com.br\/novoportal\/wp-json\/wp\/v2\/posts\/3511\/revisions"}],"predecessor-version":[{"id":3514,"href":"https:\/\/www.sudoestehoje.com.br\/novoportal\/wp-json\/wp\/v2\/posts\/3511\/revisions\/3514"}],"wp:attachment":[{"href":"https:\/\/www.sudoestehoje.com.br\/novoportal\/wp-json\/wp\/v2\/media?parent=3511"}],"wp:term":[{"taxonomy":"category","embeddable":true,"href":"https:\/\/www.sudoestehoje.com.br\/novoportal\/wp-json\/wp\/v2\/categories?post=3511"},{"taxonomy":"post_tag","embeddable":true,"href":"https:\/\/www.sudoestehoje.com.br\/novoportal\/wp-json\/wp\/v2\/tags?post=3511"}],"curies":[{"name":"wp","href":"https:\/\/api.w.org\/{rel}","templated":true}]}}