
{"id":35103,"date":"2014-03-12T22:34:51","date_gmt":"2014-03-13T01:34:51","guid":{"rendered":"http:\/\/www.sudoestehoje.com.br\/novoportal\/?p=35103"},"modified":"2014-03-12T22:35:35","modified_gmt":"2014-03-13T01:35:35","slug":"vereador-renan-cobra-conclusao-de-obras-em-bandeira-do-colonia","status":"publish","type":"post","link":"https:\/\/www.sudoestehoje.com.br\/novoportal\/2014\/03\/12\/vereador-renan-cobra-conclusao-de-obras-em-bandeira-do-colonia\/","title":{"rendered":"VEREADOR RENAN COBRA CONCLUS\u00c3O DE OBRAS EM BANDEIRA DO COL\u00d4NIA"},"content":{"rendered":"<p><a href=\"http:\/\/www.sudoestehoje.com.br\/novoportal\/wp-content\/uploads\/2014\/03\/BANDEIRA-OBRAS.jpg\"><img loading=\"lazy\" decoding=\"async\" class=\"aligncenter size-medium wp-image-35106\" alt=\"BANDEIRA OBRAS\" src=\"http:\/\/www.sudoestehoje.com.br\/novoportal\/wp-content\/uploads\/2014\/03\/BANDEIRA-OBRAS-500x375.jpg\" width=\"500\" height=\"375\" srcset=\"https:\/\/www.sudoestehoje.com.br\/novoportal\/wp-content\/uploads\/2014\/03\/BANDEIRA-OBRAS-500x375.jpg 500w, https:\/\/www.sudoestehoje.com.br\/novoportal\/wp-content\/uploads\/2014\/03\/BANDEIRA-OBRAS-700x525.jpg 700w, https:\/\/www.sudoestehoje.com.br\/novoportal\/wp-content\/uploads\/2014\/03\/BANDEIRA-OBRAS.jpg 960w\" sizes=\"auto, (max-width: 500px) 100vw, 500px\" \/><\/a><\/p>\n<p>Em junho de 2013, foi dado in\u00edcio \u00e0s obras de pavimenta\u00e7\u00e3o do bairro Vida Nova, em Bandeira do Colonia. Inicialmente, prepostos da prefeitura disseram que as obras durariam mais ou menos 3 meses, por\u00e9m as obras foram paralisadas e abandonadas pela prefeitura.<\/p>\n<p>Diante da precariedade da situa\u00e7\u00e3o,\u00a0\u00a0o vereador Renan Coelho (PCdoB) cobrou, na sess\u00e3o desta quarta-feira (12), provid\u00eancias da prefeitura para a conclus\u00e3o da pavimenta\u00e7\u00e3o do Bairro Vida Nova, destacando que os moradores de Bandeira do Col\u00f4nia merecem mais respeito e direito a uma vida digna.<\/p>\n<p><strong><em>Por Davi Ferraz<\/em><\/strong><\/p>\n","protected":false},"excerpt":{"rendered":"<p>Em junho de 2013, foi dado in\u00edcio \u00e0s obras de pavimenta\u00e7\u00e3o do bairro Vida Nova, em Bandeira do Colonia. Inicialmente, prepostos da prefeitura disseram que as obras durariam mais ou menos 3 meses, por\u00e9m as obras foram paralisadas e abandonadas pela prefeitura. Diante da precariedade da situa\u00e7\u00e3o,\u00a0\u00a0o vereador Renan Coelho (PCdoB) cobrou, na sess\u00e3o desta [&hellip;]<\/p>\n","protected":false},"author":2,"featured_media":0,"comment_status":"open","ping_status":"open","sticky":false,"template":"","format":"standard","meta":{"footnotes":"","_links_to":"","_links_to_target":""},"categories":[1],"tags":[],"class_list":["post-35103","post","type-post","status-publish","format-standard","hentry","category-geral"],"views":1293,"_links":{"self":[{"href":"https:\/\/www.sudoestehoje.com.br\/novoportal\/wp-json\/wp\/v2\/posts\/35103","targetHints":{"allow":["GET"]}}],"collection":[{"href":"https:\/\/www.sudoestehoje.com.br\/novoportal\/wp-json\/wp\/v2\/posts"}],"about":[{"href":"https:\/\/www.sudoestehoje.com.br\/novoportal\/wp-json\/wp\/v2\/types\/post"}],"author":[{"embeddable":true,"href":"https:\/\/www.sudoestehoje.com.br\/novoportal\/wp-json\/wp\/v2\/users\/2"}],"replies":[{"embeddable":true,"href":"https:\/\/www.sudoestehoje.com.br\/novoportal\/wp-json\/wp\/v2\/comments?post=35103"}],"version-history":[{"count":4,"href":"https:\/\/www.sudoestehoje.com.br\/novoportal\/wp-json\/wp\/v2\/posts\/35103\/revisions"}],"predecessor-version":[{"id":35108,"href":"https:\/\/www.sudoestehoje.com.br\/novoportal\/wp-json\/wp\/v2\/posts\/35103\/revisions\/35108"}],"wp:attachment":[{"href":"https:\/\/www.sudoestehoje.com.br\/novoportal\/wp-json\/wp\/v2\/media?parent=35103"}],"wp:term":[{"taxonomy":"category","embeddable":true,"href":"https:\/\/www.sudoestehoje.com.br\/novoportal\/wp-json\/wp\/v2\/categories?post=35103"},{"taxonomy":"post_tag","embeddable":true,"href":"https:\/\/www.sudoestehoje.com.br\/novoportal\/wp-json\/wp\/v2\/tags?post=35103"}],"curies":[{"name":"wp","href":"https:\/\/api.w.org\/{rel}","templated":true}]}}