
{"id":35088,"date":"2014-03-12T23:18:16","date_gmt":"2014-03-13T02:18:16","guid":{"rendered":"http:\/\/www.sudoestehoje.com.br\/novoportal\/?p=35088"},"modified":"2014-03-12T23:18:27","modified_gmt":"2014-03-13T02:18:27","slug":"sec-diz-que-liberou-r-307-mil-para-merenda-nas-escolas-de-itapetinga","status":"publish","type":"post","link":"https:\/\/www.sudoestehoje.com.br\/novoportal\/2014\/03\/12\/sec-diz-que-liberou-r-307-mil-para-merenda-nas-escolas-de-itapetinga\/","title":{"rendered":"SEC DIZ QUE LIBEROU R$ 307 MIL PARA MERENDA NAS ESCOLAS DE ITAPETINGA"},"content":{"rendered":"<p style=\"text-align: center;\"><a href=\"http:\/\/www.sudoestehoje.com.br\/novoportal\/wp-content\/uploads\/2014\/03\/sec-educacao-bahia-59.jpg\"><img decoding=\"async\" class=\"aligncenter  wp-image-35090\" alt=\"sec-educacao-bahia-59\" src=\"http:\/\/www.sudoestehoje.com.br\/novoportal\/wp-content\/uploads\/2014\/03\/sec-educacao-bahia-59.jpg\" width=\"400\" \/><\/a><\/p>\n<p>Em decorr\u00eancia da den\u00fancia publicada no <em>Sudoeste Hoje<\/em>, dando conta da falta de merenda escolar na rede estadual de Itapetinga, a Secretaria Estadual de Educa\u00e7\u00e3o encaminhou mensagem ao blog, esclarecendo que liberou recursos da ordem de R$ 307 mil, para aquisi\u00e7\u00e3o dos g\u00eaneros da merenda no munic\u00edpio. Confira a mensagem da SEC, na \u00edntegra:<\/p>\n<p><em>&#8220;Ao Blog Sudoeste Hoje. A Secretaria da Educa\u00e7\u00e3o do Estado da Bahia esclarece que j\u00e1 foram disponibilizadas, nas contas das unidades escolares da rede estadual de ensino, em Itapetinga, recursos da ordem de R$ 307 mil destinados \u00e0 alimenta\u00e7\u00e3o escolar. Informa, ainda, que a gest\u00e3o da alimenta\u00e7\u00e3o escolar \u00e9 feita pelas unidades escolares por meio do sistema de credenciamento, que segue os princ\u00edpios da isonomia, legalidade, moralidade, impessoalidade, publicidade e economicidade. O sistema de credenciamento garante a rotatividade entre os credenciados para fornecimento de alimenta\u00e7\u00e3o escolar, o acesso permanente a qualquer interessado, a clareza nas informa\u00e7\u00f5es e a celeridade na contrata\u00e7\u00e3o. Assessoria de Comunica\u00e7\u00e3o da Secretaria Estadual de Educa\u00e7\u00e3o.&#8221;<\/em><\/p>\n<p>Diante disto, cabe \u00e0s dire\u00e7\u00f5es das unidades escolares de Itapetinga, agilizar o processo de aquisi\u00e7\u00e3o dos g\u00eaneros da merenda, para n\u00e3o haver mais preju\u00edzos aos alunos e comprometer, ainda mais, o bom andamento do ano letivo de 2014.<\/p>\n<p><strong><em>Por Davi Ferraz<\/em><\/strong><\/p>\n","protected":false},"excerpt":{"rendered":"<p>Em decorr\u00eancia da den\u00fancia publicada no Sudoeste Hoje, dando conta da falta de merenda escolar na rede estadual de Itapetinga, a Secretaria Estadual de Educa\u00e7\u00e3o encaminhou mensagem ao blog, esclarecendo que liberou recursos da ordem de R$ 307 mil, para aquisi\u00e7\u00e3o dos g\u00eaneros da merenda no munic\u00edpio. Confira a mensagem da SEC, na \u00edntegra: &#8220;Ao [&hellip;]<\/p>\n","protected":false},"author":2,"featured_media":0,"comment_status":"open","ping_status":"open","sticky":false,"template":"","format":"standard","meta":{"footnotes":"","_links_to":"","_links_to_target":""},"categories":[1],"tags":[],"class_list":["post-35088","post","type-post","status-publish","format-standard","hentry","category-geral"],"views":1073,"_links":{"self":[{"href":"https:\/\/www.sudoestehoje.com.br\/novoportal\/wp-json\/wp\/v2\/posts\/35088","targetHints":{"allow":["GET"]}}],"collection":[{"href":"https:\/\/www.sudoestehoje.com.br\/novoportal\/wp-json\/wp\/v2\/posts"}],"about":[{"href":"https:\/\/www.sudoestehoje.com.br\/novoportal\/wp-json\/wp\/v2\/types\/post"}],"author":[{"embeddable":true,"href":"https:\/\/www.sudoestehoje.com.br\/novoportal\/wp-json\/wp\/v2\/users\/2"}],"replies":[{"embeddable":true,"href":"https:\/\/www.sudoestehoje.com.br\/novoportal\/wp-json\/wp\/v2\/comments?post=35088"}],"version-history":[{"count":6,"href":"https:\/\/www.sudoestehoje.com.br\/novoportal\/wp-json\/wp\/v2\/posts\/35088\/revisions"}],"predecessor-version":[{"id":35095,"href":"https:\/\/www.sudoestehoje.com.br\/novoportal\/wp-json\/wp\/v2\/posts\/35088\/revisions\/35095"}],"wp:attachment":[{"href":"https:\/\/www.sudoestehoje.com.br\/novoportal\/wp-json\/wp\/v2\/media?parent=35088"}],"wp:term":[{"taxonomy":"category","embeddable":true,"href":"https:\/\/www.sudoestehoje.com.br\/novoportal\/wp-json\/wp\/v2\/categories?post=35088"},{"taxonomy":"post_tag","embeddable":true,"href":"https:\/\/www.sudoestehoje.com.br\/novoportal\/wp-json\/wp\/v2\/tags?post=35088"}],"curies":[{"name":"wp","href":"https:\/\/api.w.org\/{rel}","templated":true}]}}