
{"id":35056,"date":"2014-03-11T14:21:33","date_gmt":"2014-03-11T17:21:33","guid":{"rendered":"http:\/\/www.sudoestehoje.com.br\/novoportal\/?p=35056"},"modified":"2014-03-11T14:21:33","modified_gmt":"2014-03-11T17:21:33","slug":"jaques-wagner-adia-escolha-do-candidato-a-vice-de-rui-costa","status":"publish","type":"post","link":"https:\/\/www.sudoestehoje.com.br\/novoportal\/2014\/03\/11\/jaques-wagner-adia-escolha-do-candidato-a-vice-de-rui-costa\/","title":{"rendered":"JAQUES WAGNER ADIA ESCOLHA DO CANDIDATO A VICE DE RUI COSTA"},"content":{"rendered":"<p><a href=\"http:\/\/www.sudoestehoje.com.br\/novoportal\/wp-content\/uploads\/2014\/03\/WAG.jpg\"><img loading=\"lazy\" decoding=\"async\" class=\"aligncenter size-medium wp-image-35057\" alt=\"WAG\" src=\"http:\/\/www.sudoestehoje.com.br\/novoportal\/wp-content\/uploads\/2014\/03\/WAG-500x271.jpg\" width=\"500\" height=\"271\" srcset=\"https:\/\/www.sudoestehoje.com.br\/novoportal\/wp-content\/uploads\/2014\/03\/WAG-500x271.jpg 500w, https:\/\/www.sudoestehoje.com.br\/novoportal\/wp-content\/uploads\/2014\/03\/WAG.jpg 590w\" sizes=\"auto, (max-width: 500px) 100vw, 500px\" \/><\/a><\/p>\n<p>Depois de afirmar, durante o Carnaval, que iria anunciar o nome do candidato a vice na chapa de Rui Costa (PT) antes de seu anivers\u00e1rio, no pr\u00f3ximo dia 16, o governador Jaques Wagner (PT) voltou atr\u00e1s e defendeu, ontem, um adiamento no prazo para o desfecho da \u201cnovela\u201d, como o pr\u00f3prio titulou, at\u00e9 o final do m\u00eas.<\/p>\n<p>Nos bastidores havia a aposta de que o chefe do Executivo baiano j\u00e1 teria batido o martelo em torno do PP, partido comandado na Bahia pelos deputados federais M\u00e1rio Negromonte e Jo\u00e3o Le\u00e3o, mas ontem, em entrevista \u00e0 R\u00e1dio Sociedade, ele enviou um recado de esperan\u00e7a para os demais partidos.\u00a0Em sua fala, Wagner tamb\u00e9m abriu a possibilidade de indicar um perfil feminino para a composi\u00e7\u00e3o.<!--more--><\/p>\n<p>Antes de viajar no s\u00e1bado com a primeira-dama F\u00e1tima Mendon\u00e7a, o governador deve voltar a se encontrar na pr\u00f3xima sexta-feira com Le\u00e3o e Negromonte para demandar sobre o mesmo assunto. \u201cAt\u00e9 o final do m\u00eas de mar\u00e7o a chapa majorit\u00e1ria completa ser\u00e1 anunciada. At\u00e9 l\u00e1, vamos indicar o nome da vice, ou do vice, e preparar para esperar o que vem de l\u00e1 da oposi\u00e7\u00e3o\u201d, disse o governador.<\/p>\n<p>Segundo ele, n\u00e3o h\u00e1 temores de rompimento nas rela\u00e7\u00f5es com a base aliada, em especial com o PP e o PDT, que disputa atrav\u00e9s do presidente da Assembleia Legislativa, deputado Marcelo Nilo, o posto de vice. \u201cAcho dif\u00edcil. O grupo est\u00e1 muito unido e estamos articulando para que possamos apresentar os nomes em breve\u201d, frisou.<\/p>\n","protected":false},"excerpt":{"rendered":"<p>Depois de afirmar, durante o Carnaval, que iria anunciar o nome do candidato a vice na chapa de Rui Costa (PT) antes de seu anivers\u00e1rio, no pr\u00f3ximo dia 16, o governador Jaques Wagner (PT) voltou atr\u00e1s e defendeu, ontem, um adiamento no prazo para o desfecho da \u201cnovela\u201d, como o pr\u00f3prio titulou, at\u00e9 o final [&hellip;]<\/p>\n","protected":false},"author":2,"featured_media":0,"comment_status":"open","ping_status":"open","sticky":false,"template":"","format":"standard","meta":{"footnotes":"","_links_to":"","_links_to_target":""},"categories":[1],"tags":[],"class_list":["post-35056","post","type-post","status-publish","format-standard","hentry","category-geral"],"views":1252,"_links":{"self":[{"href":"https:\/\/www.sudoestehoje.com.br\/novoportal\/wp-json\/wp\/v2\/posts\/35056","targetHints":{"allow":["GET"]}}],"collection":[{"href":"https:\/\/www.sudoestehoje.com.br\/novoportal\/wp-json\/wp\/v2\/posts"}],"about":[{"href":"https:\/\/www.sudoestehoje.com.br\/novoportal\/wp-json\/wp\/v2\/types\/post"}],"author":[{"embeddable":true,"href":"https:\/\/www.sudoestehoje.com.br\/novoportal\/wp-json\/wp\/v2\/users\/2"}],"replies":[{"embeddable":true,"href":"https:\/\/www.sudoestehoje.com.br\/novoportal\/wp-json\/wp\/v2\/comments?post=35056"}],"version-history":[{"count":1,"href":"https:\/\/www.sudoestehoje.com.br\/novoportal\/wp-json\/wp\/v2\/posts\/35056\/revisions"}],"predecessor-version":[{"id":35058,"href":"https:\/\/www.sudoestehoje.com.br\/novoportal\/wp-json\/wp\/v2\/posts\/35056\/revisions\/35058"}],"wp:attachment":[{"href":"https:\/\/www.sudoestehoje.com.br\/novoportal\/wp-json\/wp\/v2\/media?parent=35056"}],"wp:term":[{"taxonomy":"category","embeddable":true,"href":"https:\/\/www.sudoestehoje.com.br\/novoportal\/wp-json\/wp\/v2\/categories?post=35056"},{"taxonomy":"post_tag","embeddable":true,"href":"https:\/\/www.sudoestehoje.com.br\/novoportal\/wp-json\/wp\/v2\/tags?post=35056"}],"curies":[{"name":"wp","href":"https:\/\/api.w.org\/{rel}","templated":true}]}}