
{"id":35047,"date":"2014-03-10T23:38:49","date_gmt":"2014-03-11T02:38:49","guid":{"rendered":"http:\/\/www.sudoestehoje.com.br\/novoportal\/?p=35047"},"modified":"2014-03-11T12:54:18","modified_gmt":"2014-03-11T15:54:18","slug":"itapetinga-escolas-da-rede-estadual-iniciam-aulas-sem-merenda-escolar","status":"publish","type":"post","link":"https:\/\/www.sudoestehoje.com.br\/novoportal\/2014\/03\/10\/itapetinga-escolas-da-rede-estadual-iniciam-aulas-sem-merenda-escolar\/","title":{"rendered":"ITAPETINGA: ESCOLAS DA REDE ESTADUAL INICIAM AULAS SEM MERENDA ESCOLAR"},"content":{"rendered":"<div id=\"attachment_35050\" style=\"width: 510px\" class=\"wp-caption aligncenter\"><a href=\"http:\/\/www.sudoestehoje.com.br\/novoportal\/wp-content\/uploads\/2014\/03\/merenda-escolar1.jpg\"><img loading=\"lazy\" decoding=\"async\" aria-describedby=\"caption-attachment-35050\" class=\"size-medium wp-image-35050\" alt=\"Foto Ilustrativa\" src=\"http:\/\/www.sudoestehoje.com.br\/novoportal\/wp-content\/uploads\/2014\/03\/merenda-escolar1-500x374.jpg\" width=\"500\" height=\"374\" srcset=\"https:\/\/www.sudoestehoje.com.br\/novoportal\/wp-content\/uploads\/2014\/03\/merenda-escolar1-500x374.jpg 500w, https:\/\/www.sudoestehoje.com.br\/novoportal\/wp-content\/uploads\/2014\/03\/merenda-escolar1-700x524.jpg 700w, https:\/\/www.sudoestehoje.com.br\/novoportal\/wp-content\/uploads\/2014\/03\/merenda-escolar1.jpg 1466w\" sizes=\"auto, (max-width: 500px) 100vw, 500px\" \/><\/a><p id=\"caption-attachment-35050\" class=\"wp-caption-text\">Foto Ilustrativa<\/p><\/div>\n<p>Os alunos das escolas da rede estadual em Itapetinga, retornaram \u00e0s aulas nesta segunda-feira (10), com uma triste not\u00edcia: as escolas est\u00e3o sem merenda escolar e n\u00e3o h\u00e1 previs\u00e3o para que o problema seja sanado neste semestre.<\/p>\n<p>Segundo informa\u00e7\u00f5es das dire\u00e7\u00f5es escolares, repassadas aos professores durante o per\u00edodo da Jornada Pedag\u00f3gica, a Secretaria Estadual de Educa\u00e7\u00e3o determinou o credenciamento de todas as escolas da rede, mas algumas unidades escolares n\u00e3o conseguiram entregar a documenta\u00e7\u00e3o no prazo previsto, atrasando o processo.<\/p>\n<p>Como o planejamento \u00e9 global, envolvendo todas as escolas estaduais sediadas em cada munic\u00edpio, a merenda vai atrasar e os alunos da rede estadual, a exemplo dos da rede municipal, v\u00e3o ter que ser liberados mais cedo, para n\u00e3o ficarem de barriga vazia.<\/p>\n<p><strong style=\"line-height: 1.5em;\"><em>Por Davi Ferraz<\/em><\/strong><\/p>\n","protected":false},"excerpt":{"rendered":"<p>Os alunos das escolas da rede estadual em Itapetinga, retornaram \u00e0s aulas nesta segunda-feira (10), com uma triste not\u00edcia: as escolas est\u00e3o sem merenda escolar e n\u00e3o h\u00e1 previs\u00e3o para que o problema seja sanado neste semestre. Segundo informa\u00e7\u00f5es das dire\u00e7\u00f5es escolares, repassadas aos professores durante o per\u00edodo da Jornada Pedag\u00f3gica, a Secretaria Estadual de [&hellip;]<\/p>\n","protected":false},"author":2,"featured_media":0,"comment_status":"open","ping_status":"open","sticky":false,"template":"","format":"standard","meta":{"footnotes":"","_links_to":"","_links_to_target":""},"categories":[1],"tags":[],"class_list":["post-35047","post","type-post","status-publish","format-standard","hentry","category-geral"],"views":3922,"_links":{"self":[{"href":"https:\/\/www.sudoestehoje.com.br\/novoportal\/wp-json\/wp\/v2\/posts\/35047","targetHints":{"allow":["GET"]}}],"collection":[{"href":"https:\/\/www.sudoestehoje.com.br\/novoportal\/wp-json\/wp\/v2\/posts"}],"about":[{"href":"https:\/\/www.sudoestehoje.com.br\/novoportal\/wp-json\/wp\/v2\/types\/post"}],"author":[{"embeddable":true,"href":"https:\/\/www.sudoestehoje.com.br\/novoportal\/wp-json\/wp\/v2\/users\/2"}],"replies":[{"embeddable":true,"href":"https:\/\/www.sudoestehoje.com.br\/novoportal\/wp-json\/wp\/v2\/comments?post=35047"}],"version-history":[{"count":6,"href":"https:\/\/www.sudoestehoje.com.br\/novoportal\/wp-json\/wp\/v2\/posts\/35047\/revisions"}],"predecessor-version":[{"id":35055,"href":"https:\/\/www.sudoestehoje.com.br\/novoportal\/wp-json\/wp\/v2\/posts\/35047\/revisions\/35055"}],"wp:attachment":[{"href":"https:\/\/www.sudoestehoje.com.br\/novoportal\/wp-json\/wp\/v2\/media?parent=35047"}],"wp:term":[{"taxonomy":"category","embeddable":true,"href":"https:\/\/www.sudoestehoje.com.br\/novoportal\/wp-json\/wp\/v2\/categories?post=35047"},{"taxonomy":"post_tag","embeddable":true,"href":"https:\/\/www.sudoestehoje.com.br\/novoportal\/wp-json\/wp\/v2\/tags?post=35047"}],"curies":[{"name":"wp","href":"https:\/\/api.w.org\/{rel}","templated":true}]}}