
{"id":35037,"date":"2014-03-10T12:52:02","date_gmt":"2014-03-10T15:52:02","guid":{"rendered":"http:\/\/www.sudoestehoje.com.br\/novoportal\/?p=35037"},"modified":"2014-03-10T13:39:01","modified_gmt":"2014-03-10T16:39:01","slug":"oposicao-a-caminho-do-racha","status":"publish","type":"post","link":"https:\/\/www.sudoestehoje.com.br\/novoportal\/2014\/03\/10\/oposicao-a-caminho-do-racha\/","title":{"rendered":"OPOSI\u00c7\u00c3O A CAMINHO DO RACHA"},"content":{"rendered":"<p><a href=\"http:\/\/www.sudoestehoje.com.br\/novoportal\/wp-content\/uploads\/2014\/03\/GEDDEL-E-SOUTO.jpg\"><img loading=\"lazy\" decoding=\"async\" class=\"aligncenter size-medium wp-image-35038\" alt=\"GEDDEL-E-SOUTO\" src=\"http:\/\/www.sudoestehoje.com.br\/novoportal\/wp-content\/uploads\/2014\/03\/GEDDEL-E-SOUTO-500x346.jpg\" width=\"500\" height=\"346\" srcset=\"https:\/\/www.sudoestehoje.com.br\/novoportal\/wp-content\/uploads\/2014\/03\/GEDDEL-E-SOUTO-500x346.jpg 500w, https:\/\/www.sudoestehoje.com.br\/novoportal\/wp-content\/uploads\/2014\/03\/GEDDEL-E-SOUTO.jpg 678w\" sizes=\"auto, (max-width: 500px) 100vw, 500px\" \/><\/a><\/p>\n<p>Enquanto o governo discute quem ser\u00e1 o vice, o cons\u00f3rcio DEM-PSDB-PMDB est\u00e1 pr\u00f3ximo de uma ruptura. Ap\u00f3s Paulo Souto dizer a ACM Neto que n\u00e3o aceitaria concorrer ao governo, o sisudo deu cavalo-de-pau justamente quando tudo corria para que Geddel Vieira Lima fosse o candidato. O peemedebista havia sido comunicado, por Neto, da desist\u00eancia de Souto \u2013 que, \u00e0quela altura, j\u00e1 havia desistido de desistir.<\/p>\n<p>Agora, Geddel n\u00e3o quer outra posi\u00e7\u00e3o que n\u00e3o seja a de candidato ao governo. Existem at\u00e9 conjecturas em torno de uma poss\u00edvel alian\u00e7a entre o ex-ministro e a senadora L\u00eddice da Mata, pr\u00e9-candidata pelo PSB. A situa\u00e7\u00e3o no cons\u00f3rcio demo-tucano-peemedebista s\u00f3 se resolver\u00e1, pelo visto, se Geddel for o escolhido ou ACM Neto deixar a prefeitura de Salvador para disputar o governo.<\/p>\n<p>Em seu twitter, Geddel postou a seguinte frase, neste final de semana:\u00a0\u201cDizem que na pol\u00edtica nada \u00e9 imposs\u00edvel, portanto at\u00e9 o imposs\u00edvel \u00e9 poss\u00edvel\u201d.<\/p>\n","protected":false},"excerpt":{"rendered":"<p>Enquanto o governo discute quem ser\u00e1 o vice, o cons\u00f3rcio DEM-PSDB-PMDB est\u00e1 pr\u00f3ximo de uma ruptura. Ap\u00f3s Paulo Souto dizer a ACM Neto que n\u00e3o aceitaria concorrer ao governo, o sisudo deu cavalo-de-pau justamente quando tudo corria para que Geddel Vieira Lima fosse o candidato. O peemedebista havia sido comunicado, por Neto, da desist\u00eancia de [&hellip;]<\/p>\n","protected":false},"author":2,"featured_media":0,"comment_status":"open","ping_status":"open","sticky":false,"template":"","format":"standard","meta":{"footnotes":"","_links_to":"","_links_to_target":""},"categories":[1],"tags":[],"class_list":["post-35037","post","type-post","status-publish","format-standard","hentry","category-geral"],"views":1390,"_links":{"self":[{"href":"https:\/\/www.sudoestehoje.com.br\/novoportal\/wp-json\/wp\/v2\/posts\/35037","targetHints":{"allow":["GET"]}}],"collection":[{"href":"https:\/\/www.sudoestehoje.com.br\/novoportal\/wp-json\/wp\/v2\/posts"}],"about":[{"href":"https:\/\/www.sudoestehoje.com.br\/novoportal\/wp-json\/wp\/v2\/types\/post"}],"author":[{"embeddable":true,"href":"https:\/\/www.sudoestehoje.com.br\/novoportal\/wp-json\/wp\/v2\/users\/2"}],"replies":[{"embeddable":true,"href":"https:\/\/www.sudoestehoje.com.br\/novoportal\/wp-json\/wp\/v2\/comments?post=35037"}],"version-history":[{"count":3,"href":"https:\/\/www.sudoestehoje.com.br\/novoportal\/wp-json\/wp\/v2\/posts\/35037\/revisions"}],"predecessor-version":[{"id":35043,"href":"https:\/\/www.sudoestehoje.com.br\/novoportal\/wp-json\/wp\/v2\/posts\/35037\/revisions\/35043"}],"wp:attachment":[{"href":"https:\/\/www.sudoestehoje.com.br\/novoportal\/wp-json\/wp\/v2\/media?parent=35037"}],"wp:term":[{"taxonomy":"category","embeddable":true,"href":"https:\/\/www.sudoestehoje.com.br\/novoportal\/wp-json\/wp\/v2\/categories?post=35037"},{"taxonomy":"post_tag","embeddable":true,"href":"https:\/\/www.sudoestehoje.com.br\/novoportal\/wp-json\/wp\/v2\/tags?post=35037"}],"curies":[{"name":"wp","href":"https:\/\/api.w.org\/{rel}","templated":true}]}}