
{"id":35021,"date":"2014-03-10T07:55:35","date_gmt":"2014-03-10T10:55:35","guid":{"rendered":"http:\/\/www.sudoestehoje.com.br\/novoportal\/?p=35021"},"modified":"2014-03-09T02:12:09","modified_gmt":"2014-03-09T05:12:09","slug":"ano-letivo-comeca-com-data-marcada-para-paralizacao","status":"publish","type":"post","link":"https:\/\/www.sudoestehoje.com.br\/novoportal\/2014\/03\/10\/ano-letivo-comeca-com-data-marcada-para-paralizacao\/","title":{"rendered":"ANO LETIVO COME\u00c7A COM DATA MARCADA PARA PARALIZA\u00c7\u00c3O"},"content":{"rendered":"<p><a href=\"http:\/\/www.sudoestehoje.com.br\/novoportal\/wp-content\/uploads\/2014\/03\/SALA.jpg\"><img loading=\"lazy\" decoding=\"async\" class=\"aligncenter size-medium wp-image-35022\" alt=\"SALA\" src=\"http:\/\/www.sudoestehoje.com.br\/novoportal\/wp-content\/uploads\/2014\/03\/SALA-500x288.jpg\" width=\"500\" height=\"288\" srcset=\"https:\/\/www.sudoestehoje.com.br\/novoportal\/wp-content\/uploads\/2014\/03\/SALA-500x288.jpg 500w, https:\/\/www.sudoestehoje.com.br\/novoportal\/wp-content\/uploads\/2014\/03\/SALA.jpg 650w\" sizes=\"auto, (max-width: 500px) 100vw, 500px\" \/><\/a><\/p>\n<p>Mais de 900 mil alunos j\u00e1 matriculados em 1.384 estabelecimentos da rede estadual de ensino, espalhados pela capital e interior da Bahia, voltam \u00e0s aulas nesta segunda-feira, 10. Por\u00e9m um nova lacuna j\u00e1 est\u00e1 prevista no calend\u00e1rio escolar\u00a0 dos estudantes e de 39.600 professores.<\/p>\n<p>Uma paralisa\u00e7\u00e3o nacional est\u00e1 marcada para acontecer nos pr\u00f3ximos dias 17, 18 e 19. A informa\u00e7\u00e3o foi confirmada, na sexta, 7,\u00a0 pelo presidente do Sindicato dos Trabalhadores em Educa\u00e7\u00e3o do Estado da Bahia (APLB-Sindicato), Rui Oliveira.<\/p>\n<p>Segundo ele, a paralisa\u00e7\u00e3o foi convocada pela Confedera\u00e7\u00e3o Nacional dos Trabalhadores em Educa\u00e7\u00e3o, com o objetivo de cobrar da C\u00e2mara de Deputados, em Bras\u00edlia, a aprova\u00e7\u00e3o do projeto de lei que cria o Plano Nacional de Educa\u00e7\u00e3o (PNE).<\/p>\n<p>\u201cVamos enviar uma caravana para Bras\u00edlia. O PNE precisa ser votado at\u00e9 mar\u00e7o, sen\u00e3o n\u00e3o ser\u00e1 votado este ano\u201d, afirma o sindicalista.<\/p>\n","protected":false},"excerpt":{"rendered":"<p>Mais de 900 mil alunos j\u00e1 matriculados em 1.384 estabelecimentos da rede estadual de ensino, espalhados pela capital e interior da Bahia, voltam \u00e0s aulas nesta segunda-feira, 10. Por\u00e9m um nova lacuna j\u00e1 est\u00e1 prevista no calend\u00e1rio escolar\u00a0 dos estudantes e de 39.600 professores. Uma paralisa\u00e7\u00e3o nacional est\u00e1 marcada para acontecer nos pr\u00f3ximos dias 17, [&hellip;]<\/p>\n","protected":false},"author":2,"featured_media":0,"comment_status":"open","ping_status":"open","sticky":false,"template":"","format":"standard","meta":{"footnotes":"","_links_to":"","_links_to_target":""},"categories":[1],"tags":[],"class_list":["post-35021","post","type-post","status-publish","format-standard","hentry","category-geral"],"views":1146,"_links":{"self":[{"href":"https:\/\/www.sudoestehoje.com.br\/novoportal\/wp-json\/wp\/v2\/posts\/35021","targetHints":{"allow":["GET"]}}],"collection":[{"href":"https:\/\/www.sudoestehoje.com.br\/novoportal\/wp-json\/wp\/v2\/posts"}],"about":[{"href":"https:\/\/www.sudoestehoje.com.br\/novoportal\/wp-json\/wp\/v2\/types\/post"}],"author":[{"embeddable":true,"href":"https:\/\/www.sudoestehoje.com.br\/novoportal\/wp-json\/wp\/v2\/users\/2"}],"replies":[{"embeddable":true,"href":"https:\/\/www.sudoestehoje.com.br\/novoportal\/wp-json\/wp\/v2\/comments?post=35021"}],"version-history":[{"count":2,"href":"https:\/\/www.sudoestehoje.com.br\/novoportal\/wp-json\/wp\/v2\/posts\/35021\/revisions"}],"predecessor-version":[{"id":35024,"href":"https:\/\/www.sudoestehoje.com.br\/novoportal\/wp-json\/wp\/v2\/posts\/35021\/revisions\/35024"}],"wp:attachment":[{"href":"https:\/\/www.sudoestehoje.com.br\/novoportal\/wp-json\/wp\/v2\/media?parent=35021"}],"wp:term":[{"taxonomy":"category","embeddable":true,"href":"https:\/\/www.sudoestehoje.com.br\/novoportal\/wp-json\/wp\/v2\/categories?post=35021"},{"taxonomy":"post_tag","embeddable":true,"href":"https:\/\/www.sudoestehoje.com.br\/novoportal\/wp-json\/wp\/v2\/tags?post=35021"}],"curies":[{"name":"wp","href":"https:\/\/api.w.org\/{rel}","templated":true}]}}