
{"id":35014,"date":"2014-03-09T00:01:40","date_gmt":"2014-03-09T03:01:40","guid":{"rendered":"http:\/\/www.sudoestehoje.com.br\/novoportal\/?p=35014"},"modified":"2014-03-09T01:43:32","modified_gmt":"2014-03-09T04:43:32","slug":"humor-umbu-doce-e-azedo","status":"publish","type":"post","link":"https:\/\/www.sudoestehoje.com.br\/novoportal\/2014\/03\/09\/humor-umbu-doce-e-azedo\/","title":{"rendered":"HUMOR: UMBU AZEDO E UMBU DOCE"},"content":{"rendered":"<p style=\"text-align: center;\"><a href=\"http:\/\/www.sudoestehoje.com.br\/novoportal\/wp-content\/uploads\/2014\/03\/fabrica-de-umbu.jpg\"><img decoding=\"async\" class=\"aligncenter  wp-image-35015\" alt=\"fabrica de umbu\" src=\"http:\/\/www.sudoestehoje.com.br\/novoportal\/wp-content\/uploads\/2014\/03\/fabrica-de-umbu-500x315.jpg\" width=\"450\" srcset=\"https:\/\/www.sudoestehoje.com.br\/novoportal\/wp-content\/uploads\/2014\/03\/fabrica-de-umbu-500x315.jpg 500w, https:\/\/www.sudoestehoje.com.br\/novoportal\/wp-content\/uploads\/2014\/03\/fabrica-de-umbu.jpg 626w\" sizes=\"(max-width: 500px) 100vw, 500px\" \/><\/a><\/p>\n<p>Com a &#8216;seca&#8217; de obras governamentais para inaugurar, o governador Jaques Wagner e seu pupilo Rui Costa vivem &#8216;cantando Reis&#8217; aqui e ali, participando de inaugura\u00e7\u00f5es de obras alheias. Neste final de semana, o destino da dupla foi o pequeno munic\u00edpio de Manoel Vitorino, a &#8216;capital baiana do umbu&#8217;.<\/p>\n<p>Animados e achando que resolveram todos os problemas da pobre comunidade, inauguraram uma pequena f\u00e1brica de polpa da tradicional fruta das caatingas, com todas as pompas.<\/p>\n<p>Segundo um observador atento, Rui Costa arriscou chupar um umbu verdinho, e fazendo cara feira, reclamou: &#8220;nunca vi umbu <em>c\u00ea<\/em> t\u00e3o azedo como esse&#8230;&#8221;. Tentando remendar a mancada do seu candidato, Wagner chupou um bem amarelinho e exclamou, em voz alta: &#8220;pois eu nunca vi umbu <em>c\u00ea<\/em> t\u00e3o doce&#8230;&#8221;.<\/p>\n<p>Pena que umbu s\u00f3 d\u00e1 uma vez por ano&#8230;<\/p>\n<p><strong><em>Por Davi Ferraz\u00a0<\/em><\/strong><\/p>\n","protected":false},"excerpt":{"rendered":"<p>Com a &#8216;seca&#8217; de obras governamentais para inaugurar, o governador Jaques Wagner e seu pupilo Rui Costa vivem &#8216;cantando Reis&#8217; aqui e ali, participando de inaugura\u00e7\u00f5es de obras alheias. Neste final de semana, o destino da dupla foi o pequeno munic\u00edpio de Manoel Vitorino, a &#8216;capital baiana do umbu&#8217;. Animados e achando que resolveram todos [&hellip;]<\/p>\n","protected":false},"author":2,"featured_media":0,"comment_status":"open","ping_status":"open","sticky":false,"template":"","format":"standard","meta":{"footnotes":"","_links_to":"","_links_to_target":""},"categories":[1],"tags":[],"class_list":["post-35014","post","type-post","status-publish","format-standard","hentry","category-geral"],"views":2498,"_links":{"self":[{"href":"https:\/\/www.sudoestehoje.com.br\/novoportal\/wp-json\/wp\/v2\/posts\/35014","targetHints":{"allow":["GET"]}}],"collection":[{"href":"https:\/\/www.sudoestehoje.com.br\/novoportal\/wp-json\/wp\/v2\/posts"}],"about":[{"href":"https:\/\/www.sudoestehoje.com.br\/novoportal\/wp-json\/wp\/v2\/types\/post"}],"author":[{"embeddable":true,"href":"https:\/\/www.sudoestehoje.com.br\/novoportal\/wp-json\/wp\/v2\/users\/2"}],"replies":[{"embeddable":true,"href":"https:\/\/www.sudoestehoje.com.br\/novoportal\/wp-json\/wp\/v2\/comments?post=35014"}],"version-history":[{"count":5,"href":"https:\/\/www.sudoestehoje.com.br\/novoportal\/wp-json\/wp\/v2\/posts\/35014\/revisions"}],"predecessor-version":[{"id":35020,"href":"https:\/\/www.sudoestehoje.com.br\/novoportal\/wp-json\/wp\/v2\/posts\/35014\/revisions\/35020"}],"wp:attachment":[{"href":"https:\/\/www.sudoestehoje.com.br\/novoportal\/wp-json\/wp\/v2\/media?parent=35014"}],"wp:term":[{"taxonomy":"category","embeddable":true,"href":"https:\/\/www.sudoestehoje.com.br\/novoportal\/wp-json\/wp\/v2\/categories?post=35014"},{"taxonomy":"post_tag","embeddable":true,"href":"https:\/\/www.sudoestehoje.com.br\/novoportal\/wp-json\/wp\/v2\/tags?post=35014"}],"curies":[{"name":"wp","href":"https:\/\/api.w.org\/{rel}","templated":true}]}}