
{"id":35003,"date":"2014-03-08T23:04:44","date_gmt":"2014-03-09T02:04:44","guid":{"rendered":"http:\/\/www.sudoestehoje.com.br\/novoportal\/?p=35003"},"modified":"2014-03-08T23:27:13","modified_gmt":"2014-03-09T02:27:13","slug":"o-caso-das-sepulturas-violadas","status":"publish","type":"post","link":"https:\/\/www.sudoestehoje.com.br\/novoportal\/2014\/03\/08\/o-caso-das-sepulturas-violadas\/","title":{"rendered":"O CASO DAS SEPULTURAS VIOLADAS&#8230;"},"content":{"rendered":"<p style=\"text-align: center;\"><a href=\"http:\/\/www.sudoestehoje.com.br\/novoportal\/wp-content\/uploads\/2014\/03\/imagesd-horz.jpg\"><img decoding=\"async\" class=\"aligncenter  wp-image-35004\" alt=\"imagesd-horz\" src=\"http:\/\/www.sudoestehoje.com.br\/novoportal\/wp-content\/uploads\/2014\/03\/imagesd-horz.jpg\" width=\"450\" \/><\/a><\/p>\n<p>Para retirada de ossadas nas sepulturas do cemit\u00e9rio municipal, cujos contratos estejam vencidos, \u00e9 necess\u00e1rio que a prefeitura \u00a0notifique por escrito, e com AR, os parentes que se responsabilizaram pelo aluguel das respectivas catacumbas no ato do sepultamento, estabelecendo prazo para renova\u00e7\u00e3o contratual e advertindo para a possibilidade de retirada dos ossos.<\/p>\n<p>Vencido o prazo, sem nenhuma manifesta\u00e7\u00e3o da fam\u00edlia, a prefeitura fica autorizada a retirar os ossos das catacumbas vencidas, depositando-os, cuidadosamente, no ossu\u00e1rio comum existente no cemit\u00e9rio, em sacos pl\u00e1sticos e com etiquetas de identifica\u00e7\u00e3o.<\/p>\n<p>Fora disto, \u00e9 crime previsto na lei penal, e quem responde \u00e9 o prefeito e os funcion\u00e1rios do cemit\u00e9rio. Tanto quem autorizou, quanto quem executou. Para cada den\u00fancia, a autoridade policial \u00e9 obrigada a instaurar um inqu\u00e9rito e indiciar os culpados.<\/p>\n<p>Caso o Correio n\u00e3o localize o parente respons\u00e1vel pelo sepultamento, para entrega da notifica\u00e7\u00e3o, a prefeitura \u00e9 obrigada a publicar um aviso estabelecendo o prazo previsto no C\u00f3digo de Posturas do Munic\u00edpio, em jornal de grande circula\u00e7\u00e3o na cidade, para que n\u00e3o reste nenhuma d\u00favida quanto \u00e0 aplica\u00e7\u00e3o da lei.<\/p>\n<p>Ser\u00e1 que Dona &#8220;Val\u00e9ria do Cemit\u00e9rio&#8221; tomou essas provid\u00eancias? E a Pol\u00edcia Civil, est\u00e1 apurando mesmo? A popula\u00e7\u00e3o de Itapetinga espera um esclarecimento oficial por parte do prefeito e das autoridades policiais.<\/p>\n<p>O Minist\u00e9rio P\u00fablico tamb\u00e9m poder\u00e1 ser acionado pelos parentes dos mortos, cujas sepultura foram violadas, por escrito ou verbalmente, na sede do \u00f3rg\u00e3o. Havendo den\u00fancia, cabe ao MP apurar se houve viola\u00e7\u00e3o da lei e encaminhar a a\u00e7\u00e3o penal competente, atrav\u00e9s de den\u00fancia formal, para a justi\u00e7a.<\/p>\n<p><strong><em>Por Davi Ferraz<\/em><\/strong><\/p>\n","protected":false},"excerpt":{"rendered":"<p>Para retirada de ossadas nas sepulturas do cemit\u00e9rio municipal, cujos contratos estejam vencidos, \u00e9 necess\u00e1rio que a prefeitura \u00a0notifique por escrito, e com AR, os parentes que se responsabilizaram pelo aluguel das respectivas catacumbas no ato do sepultamento, estabelecendo prazo para renova\u00e7\u00e3o contratual e advertindo para a possibilidade de retirada dos ossos. Vencido o prazo, [&hellip;]<\/p>\n","protected":false},"author":2,"featured_media":0,"comment_status":"open","ping_status":"open","sticky":false,"template":"","format":"standard","meta":{"footnotes":"","_links_to":"","_links_to_target":""},"categories":[1],"tags":[],"class_list":["post-35003","post","type-post","status-publish","format-standard","hentry","category-geral"],"views":1253,"_links":{"self":[{"href":"https:\/\/www.sudoestehoje.com.br\/novoportal\/wp-json\/wp\/v2\/posts\/35003","targetHints":{"allow":["GET"]}}],"collection":[{"href":"https:\/\/www.sudoestehoje.com.br\/novoportal\/wp-json\/wp\/v2\/posts"}],"about":[{"href":"https:\/\/www.sudoestehoje.com.br\/novoportal\/wp-json\/wp\/v2\/types\/post"}],"author":[{"embeddable":true,"href":"https:\/\/www.sudoestehoje.com.br\/novoportal\/wp-json\/wp\/v2\/users\/2"}],"replies":[{"embeddable":true,"href":"https:\/\/www.sudoestehoje.com.br\/novoportal\/wp-json\/wp\/v2\/comments?post=35003"}],"version-history":[{"count":8,"href":"https:\/\/www.sudoestehoje.com.br\/novoportal\/wp-json\/wp\/v2\/posts\/35003\/revisions"}],"predecessor-version":[{"id":35012,"href":"https:\/\/www.sudoestehoje.com.br\/novoportal\/wp-json\/wp\/v2\/posts\/35003\/revisions\/35012"}],"wp:attachment":[{"href":"https:\/\/www.sudoestehoje.com.br\/novoportal\/wp-json\/wp\/v2\/media?parent=35003"}],"wp:term":[{"taxonomy":"category","embeddable":true,"href":"https:\/\/www.sudoestehoje.com.br\/novoportal\/wp-json\/wp\/v2\/categories?post=35003"},{"taxonomy":"post_tag","embeddable":true,"href":"https:\/\/www.sudoestehoje.com.br\/novoportal\/wp-json\/wp\/v2\/tags?post=35003"}],"curies":[{"name":"wp","href":"https:\/\/api.w.org\/{rel}","templated":true}]}}