
{"id":350,"date":"2010-08-11T13:11:19","date_gmt":"2010-08-11T16:11:19","guid":{"rendered":"http:\/\/sudoestehoje.tempsite.ws\/novoportal\/?p=350"},"modified":"2010-09-18T14:55:45","modified_gmt":"2010-09-18T17:55:45","slug":"marina-teve-boa-participacao-no-jornal-nacional","status":"publish","type":"post","link":"https:\/\/www.sudoestehoje.com.br\/novoportal\/2010\/08\/11\/marina-teve-boa-participacao-no-jornal-nacional\/","title":{"rendered":"MARINA TEVE BOA PARTICIPA\u00c7\u00c3O NO JORNAL NACIONAL"},"content":{"rendered":"<div><a href=\"http:\/\/www.politicalivre.com.br\/wp-content\/uploads\/2010\/08\/10_MHG_marina-JN.jpg\"><\/p>\n<div style=\"text-align: center;\"><img loading=\"lazy\" decoding=\"async\" title=\"10_MHG_marina-JN\" src=\"http:\/\/www.politicalivre.com.br\/wp-content\/uploads\/2010\/08\/10_MHG_marina-JN-300x191.jpg\" border=\"0\" alt=\"\" width=\"300\" height=\"191\" \/><\/div>\n<p><\/a><\/p>\n<p style=\"text-align: center;\">Marina Silva no est\u00fadio do Jornal Nacional<\/p>\n<p>A  candidata do PV \u00e0 Presid\u00eancia da Rep\u00fablica, Marina Silva, foi a segunda  presidenci\u00e1vel a ser entrevistada na bancada do Jornal Nacional. Ela  falou sobre o mensal\u00e3o, a sa\u00edda do governo Lula, e disse ainda que Dilma  e Serra s\u00e3o mais do mesmo e que o PV tem quadro para governar o pa\u00eds.  Ao ser questionada sobre a falta de apoio de outros partidos durante a  campanha, ela disse: \u2013 Sem apoio \u00e9 mais f\u00e1cil porque fico olhando que  Dilma e Serra est\u00e3o t\u00e3o comprometidos com as alian\u00e7as que s\u00f3 podem  repetir mais do mesmo, ref\u00e9ns do fisiologismo dos partidos Eu quero  governar com os melhores \u2013 afirmou, acrescentando que pretende governar  com quadros de v\u00e1rios partidos e que \u00e9 fundamental o di\u00e1logo com o PT e o  PSDB. (O Globo)<\/p>\n<\/div>\n","protected":false},"excerpt":{"rendered":"<p>Marina Silva no est\u00fadio do Jornal Nacional A candidata do PV \u00e0 Presid\u00eancia da Rep\u00fablica, Marina Silva, foi a segunda presidenci\u00e1vel a ser entrevistada na bancada do Jornal Nacional. Ela falou sobre o mensal\u00e3o, a sa\u00edda do governo Lula, e disse ainda que Dilma e Serra s\u00e3o mais do mesmo e que o PV tem [&hellip;]<\/p>\n","protected":false},"author":1,"featured_media":0,"comment_status":"open","ping_status":"open","sticky":false,"template":"","format":"standard","meta":{"footnotes":"","_links_to":"","_links_to_target":""},"categories":[1],"tags":[],"class_list":["post-350","post","type-post","status-publish","format-standard","hentry","category-geral"],"views":1252,"_links":{"self":[{"href":"https:\/\/www.sudoestehoje.com.br\/novoportal\/wp-json\/wp\/v2\/posts\/350","targetHints":{"allow":["GET"]}}],"collection":[{"href":"https:\/\/www.sudoestehoje.com.br\/novoportal\/wp-json\/wp\/v2\/posts"}],"about":[{"href":"https:\/\/www.sudoestehoje.com.br\/novoportal\/wp-json\/wp\/v2\/types\/post"}],"author":[{"embeddable":true,"href":"https:\/\/www.sudoestehoje.com.br\/novoportal\/wp-json\/wp\/v2\/users\/1"}],"replies":[{"embeddable":true,"href":"https:\/\/www.sudoestehoje.com.br\/novoportal\/wp-json\/wp\/v2\/comments?post=350"}],"version-history":[{"count":1,"href":"https:\/\/www.sudoestehoje.com.br\/novoportal\/wp-json\/wp\/v2\/posts\/350\/revisions"}],"predecessor-version":[{"id":351,"href":"https:\/\/www.sudoestehoje.com.br\/novoportal\/wp-json\/wp\/v2\/posts\/350\/revisions\/351"}],"wp:attachment":[{"href":"https:\/\/www.sudoestehoje.com.br\/novoportal\/wp-json\/wp\/v2\/media?parent=350"}],"wp:term":[{"taxonomy":"category","embeddable":true,"href":"https:\/\/www.sudoestehoje.com.br\/novoportal\/wp-json\/wp\/v2\/categories?post=350"},{"taxonomy":"post_tag","embeddable":true,"href":"https:\/\/www.sudoestehoje.com.br\/novoportal\/wp-json\/wp\/v2\/tags?post=350"}],"curies":[{"name":"wp","href":"https:\/\/api.w.org\/{rel}","templated":true}]}}