
{"id":34996,"date":"2014-03-08T18:59:25","date_gmt":"2014-03-08T21:59:25","guid":{"rendered":"http:\/\/www.sudoestehoje.com.br\/novoportal\/?p=34996"},"modified":"2014-03-08T18:59:25","modified_gmt":"2014-03-08T21:59:25","slug":"homem-aparece-vivo-no-proprio-velorio-em-vitoria-da-conquista","status":"publish","type":"post","link":"https:\/\/www.sudoestehoje.com.br\/novoportal\/2014\/03\/08\/homem-aparece-vivo-no-proprio-velorio-em-vitoria-da-conquista\/","title":{"rendered":"HOMEM APARECE VIVO NO PR\u00d3PRIO VEL\u00d3RIO EM VIT\u00d3RIA DA CONQUISTA"},"content":{"rendered":"<p style=\"text-align: center;\"><a href=\"http:\/\/www.sudoestehoje.com.br\/novoportal\/wp-content\/uploads\/2014\/03\/defunto-vivo.jpg\"><img decoding=\"async\" class=\"aligncenter  wp-image-34997\" alt=\"defunto vivo\" src=\"http:\/\/www.sudoestehoje.com.br\/novoportal\/wp-content\/uploads\/2014\/03\/defunto-vivo.jpg\" width=\"450\" \/><\/a><\/p>\n<p>Um vel\u00f3rio que deveria ser choro \u00e9 motivo de alegria no bairro Campinhos, em Vit\u00f3ria da Conquista. Todos achavam que Jo\u00e3o Marcos Ribeiro, de 60 anos, estava morto. O vel\u00f3rio estava acontecendo na casa em que morava o falecido, fam\u00edlia e amigos reunidos e, de repente, o morto aparece.<\/p>\n<p style=\"text-align: center;\"><a href=\"http:\/\/www.sudoestehoje.com.br\/novoportal\/wp-content\/uploads\/2014\/03\/VEL.jpg\"><img decoding=\"async\" class=\"aligncenter  wp-image-35001\" alt=\"VEL\" src=\"http:\/\/www.sudoestehoje.com.br\/novoportal\/wp-content\/uploads\/2014\/03\/VEL-500x331.jpg\" width=\"450\" srcset=\"https:\/\/www.sudoestehoje.com.br\/novoportal\/wp-content\/uploads\/2014\/03\/VEL-500x331.jpg 500w, https:\/\/www.sudoestehoje.com.br\/novoportal\/wp-content\/uploads\/2014\/03\/VEL-700x463.jpg 700w, https:\/\/www.sudoestehoje.com.br\/novoportal\/wp-content\/uploads\/2014\/03\/VEL.jpg 750w\" sizes=\"(max-width: 500px) 100vw, 500px\" \/><\/a><\/p>\n<p><em>\u201cA gente estava aqui desde ontem aqui nesse sofrimento, o pessoal falando l\u00e1 no IML que pai tinha morrido trouxe esse caix\u00e3o errado\u201d,\u00a0<\/em>disse Gilberto Ribeiro, um dos filhos do idoso em entrevista ao Blog do Anderson<em>. \u201cO corpo de pai n\u00e3o tem pinta e esse morto a\u00ed tem uma pinta\u2026 Esse ai n\u00f3s n\u00e3o sabemos quem \u00e9\u201d,<\/em>\u00a0complementa. O corpo que estava no Instituto M\u00e9dico Legal foi reconhecido pelos pr\u00f3prios parentes.<\/p>\n<p style=\"text-align: center;\"><a href=\"http:\/\/www.sudoestehoje.com.br\/novoportal\/wp-content\/uploads\/2014\/03\/VEL\u00d3RIO.jpg\"><img decoding=\"async\" class=\"aligncenter  wp-image-35000\" alt=\"VEL\u00d3RIO\" src=\"http:\/\/www.sudoestehoje.com.br\/novoportal\/wp-content\/uploads\/2014\/03\/VEL\u00d3RIO.jpg\" width=\"450\" \/><\/a><\/p>\n<p>O fato inusitado atraiu centenas de pessoas a rua Santa Rita. Por volta das 16 horas o cad\u00e1ver, ao inv\u00e9s de ser levado ao cemit\u00e9rio retornou ao IML. Resta saber agora, quem \u00e9 o dono do defunto&#8230; Informa\u00e7\u00f5es Blog do Anderson<\/p>\n","protected":false},"excerpt":{"rendered":"<p>Um vel\u00f3rio que deveria ser choro \u00e9 motivo de alegria no bairro Campinhos, em Vit\u00f3ria da Conquista. Todos achavam que Jo\u00e3o Marcos Ribeiro, de 60 anos, estava morto. O vel\u00f3rio estava acontecendo na casa em que morava o falecido, fam\u00edlia e amigos reunidos e, de repente, o morto aparece. \u201cA gente estava aqui desde ontem [&hellip;]<\/p>\n","protected":false},"author":2,"featured_media":0,"comment_status":"open","ping_status":"open","sticky":false,"template":"","format":"standard","meta":{"footnotes":"","_links_to":"","_links_to_target":""},"categories":[1],"tags":[],"class_list":["post-34996","post","type-post","status-publish","format-standard","hentry","category-geral"],"views":1711,"_links":{"self":[{"href":"https:\/\/www.sudoestehoje.com.br\/novoportal\/wp-json\/wp\/v2\/posts\/34996","targetHints":{"allow":["GET"]}}],"collection":[{"href":"https:\/\/www.sudoestehoje.com.br\/novoportal\/wp-json\/wp\/v2\/posts"}],"about":[{"href":"https:\/\/www.sudoestehoje.com.br\/novoportal\/wp-json\/wp\/v2\/types\/post"}],"author":[{"embeddable":true,"href":"https:\/\/www.sudoestehoje.com.br\/novoportal\/wp-json\/wp\/v2\/users\/2"}],"replies":[{"embeddable":true,"href":"https:\/\/www.sudoestehoje.com.br\/novoportal\/wp-json\/wp\/v2\/comments?post=34996"}],"version-history":[{"count":3,"href":"https:\/\/www.sudoestehoje.com.br\/novoportal\/wp-json\/wp\/v2\/posts\/34996\/revisions"}],"predecessor-version":[{"id":35002,"href":"https:\/\/www.sudoestehoje.com.br\/novoportal\/wp-json\/wp\/v2\/posts\/34996\/revisions\/35002"}],"wp:attachment":[{"href":"https:\/\/www.sudoestehoje.com.br\/novoportal\/wp-json\/wp\/v2\/media?parent=34996"}],"wp:term":[{"taxonomy":"category","embeddable":true,"href":"https:\/\/www.sudoestehoje.com.br\/novoportal\/wp-json\/wp\/v2\/categories?post=34996"},{"taxonomy":"post_tag","embeddable":true,"href":"https:\/\/www.sudoestehoje.com.br\/novoportal\/wp-json\/wp\/v2\/tags?post=34996"}],"curies":[{"name":"wp","href":"https:\/\/api.w.org\/{rel}","templated":true}]}}