
{"id":34980,"date":"2014-03-08T11:26:17","date_gmt":"2014-03-08T14:26:17","guid":{"rendered":"http:\/\/www.sudoestehoje.com.br\/novoportal\/?p=34980"},"modified":"2014-03-08T11:43:45","modified_gmt":"2014-03-08T14:43:45","slug":"cemiterio-dos-horrores","status":"publish","type":"post","link":"https:\/\/www.sudoestehoje.com.br\/novoportal\/2014\/03\/08\/cemiterio-dos-horrores\/","title":{"rendered":"CEMIT\u00c9RIO DOS HORRORES!"},"content":{"rendered":"<div id=\"attachment_34981\" style=\"width: 510px\" class=\"wp-caption aligncenter\"><a href=\"http:\/\/www.sudoestehoje.com.br\/novoportal\/wp-content\/uploads\/2014\/03\/ossada.jpg\"><img loading=\"lazy\" decoding=\"async\" aria-describedby=\"caption-attachment-34981\" class=\"size-medium wp-image-34981\" alt=\"Ossada humana jugada em terreno baldio pr\u00f3ximo ao cemit\u00e9rio, juntamente com restos de caix\u00f5es e mortalhas.\" src=\"http:\/\/www.sudoestehoje.com.br\/novoportal\/wp-content\/uploads\/2014\/03\/ossada-500x375.jpg\" width=\"500\" height=\"375\" srcset=\"https:\/\/www.sudoestehoje.com.br\/novoportal\/wp-content\/uploads\/2014\/03\/ossada-500x375.jpg 500w, https:\/\/www.sudoestehoje.com.br\/novoportal\/wp-content\/uploads\/2014\/03\/ossada-700x525.jpg 700w, https:\/\/www.sudoestehoje.com.br\/novoportal\/wp-content\/uploads\/2014\/03\/ossada.jpg 800w\" sizes=\"auto, (max-width: 500px) 100vw, 500px\" \/><\/a><p id=\"caption-attachment-34981\" class=\"wp-caption-text\">Ossada humana jogada em terreno baldio pr\u00f3ximo ao cemit\u00e9rio, juntamente com restos de caix\u00f5es e mortalhas.<\/p><\/div>\n<p>O munic\u00edpio de Itapetinga est\u00e1 respondendo a v\u00e1rios processos de Indeniza\u00e7\u00e3o por Danos Morais, na Justi\u00e7a comum da Comarca, por conta das atrocidades que v\u00eam sendo cometidas nos cemit\u00e9rios locais, onde sepulturas foram violadas pela pr\u00f3pria administra\u00e7\u00e3o dos cemit\u00e9rios e parte dos ossos jogados no lixo, em terrenos baldios, como a imprensa vem denunciando.<\/p>\n<p>As a\u00e7\u00f5es s\u00e3o movidas por parentes de pessoas sepultadas no Cemit\u00e9rio Parque da Eternidade, que reclamam do desaparecimento de ossadas, ap\u00f3s a viola\u00e7\u00e3o ilegal das suas sepulturas. Em uma delas, uma filha que teve a ossada de seus pais desaparecida do cemit\u00e9rio, mesmo depois de ter pago a taxa de conserva\u00e7\u00e3o dos ossos, est\u00e1 requerendo uma indeniza\u00e7\u00e3o no valor de quase R$ 150 dos cofres do munic\u00edpio, em uma a\u00e7\u00e3o judicial.<\/p>\n<div id=\"attachment_34982\" style=\"width: 346px\" class=\"wp-caption aligncenter\"><a href=\"http:\/\/www.sudoestehoje.com.br\/novoportal\/wp-content\/uploads\/2014\/03\/Valeria-do-Cemit\u00e9rio.jpg\"><img loading=\"lazy\" decoding=\"async\" aria-describedby=\"caption-attachment-34982\" class=\"size-full wp-image-34982\" alt=\"A famosa &quot;Val\u00e9ria do Cemit\u00e9rio&quot; foi massacrada pelos ouvintes em pograma de r\u00e1dio.\" src=\"http:\/\/www.sudoestehoje.com.br\/novoportal\/wp-content\/uploads\/2014\/03\/Valeria-do-Cemit\u00e9rio.jpg\" width=\"336\" height=\"437\" \/><\/a><p id=\"caption-attachment-34982\" class=\"wp-caption-text\">A famosa &#8220;Val\u00e9ria do Cemit\u00e9rio&#8221; foi massacrada pelos ouvintes em pograma de r\u00e1dio.<\/p><\/div>\n<p>Os cemit\u00e9rios de Itapetinga, que vivem em estado de eterno abandono, s\u00e3o administrados por Val\u00e9ria Nunes de Oliveira, que foi candidata a vereadora pelo PRP nas elei\u00e7\u00f5es de 2012, sob a alcunha de &#8220;Val\u00e9ria do Cemit\u00e9rio&#8221;, apelido que adotou depois que assumiu o cargo na prefeitura. Mesmo diante de tantas den\u00fancias na imprensa, a\u00e7\u00f5es judiciais e BOs registrados na delegacia, o prefeito Z\u00e9 Carlos insiste em mant\u00ea-la no cargo, desafiando o bom senso e a opini\u00e3o p\u00fablica, que fala horrores das a\u00e7\u00f5es da servidora.<\/p>\n<p>Em entrevista numa emissora de r\u00e1dio, nesta sexta-feira (7), Val\u00e9ria tentou justificar as suas &#8216;pr\u00e1ticas dos horrores&#8217;, mas foi vergonhosamente &#8216;massacrada&#8217; pelos ouvintes que participaram do programa por telefone, que acabou sendo desligado pelo locutor, para n\u00e3o passar tanta vergonha.<\/p>\n<p>Uma das fam\u00edlias, que alega ser v\u00edtima do descaso do Poder P\u00fablico Municipal, acionou a Pol\u00edcia Civil, onde foi instaurado um Inqu\u00e9rito Policial, que ainda aguarda resultado de exames de DNA, para identifica\u00e7\u00e3o dos restos mortais.<\/p>\n<p>Dentre as ossadas desaparecidas, est\u00e1 a de um pai de um secret\u00e1rio da pr\u00f3pria prefeitura, \u00a0que preferiu se calar, para garantir o emprego que julga ser mais importante que a mem\u00f3ria do seu pr\u00f3prio genitor.<!--more--><\/p>\n<p>O &#8216;Circo dos Horrores&#8217; est\u00e1 armado, sob o comando da famosa &#8220;Val\u00e9ria do Cemit\u00e9rio&#8221;, gente da mais alta confian\u00e7a da primeira dama Cida Moura e do &#8216;boca aberta&#8217; do seu marido, que nada resolve.<\/p>\n<p><strong><em>Por Davi Ferraz<\/em> <\/strong>(Com fotos e informa\u00e7\u00f5es do Diga Diga)<\/p>\n","protected":false},"excerpt":{"rendered":"<p>O munic\u00edpio de Itapetinga est\u00e1 respondendo a v\u00e1rios processos de Indeniza\u00e7\u00e3o por Danos Morais, na Justi\u00e7a comum da Comarca, por conta das atrocidades que v\u00eam sendo cometidas nos cemit\u00e9rios locais, onde sepulturas foram violadas pela pr\u00f3pria administra\u00e7\u00e3o dos cemit\u00e9rios e parte dos ossos jogados no lixo, em terrenos baldios, como a imprensa vem denunciando. As [&hellip;]<\/p>\n","protected":false},"author":2,"featured_media":0,"comment_status":"open","ping_status":"open","sticky":false,"template":"","format":"standard","meta":{"footnotes":"","_links_to":"","_links_to_target":""},"categories":[1],"tags":[],"class_list":["post-34980","post","type-post","status-publish","format-standard","hentry","category-geral"],"views":2144,"_links":{"self":[{"href":"https:\/\/www.sudoestehoje.com.br\/novoportal\/wp-json\/wp\/v2\/posts\/34980","targetHints":{"allow":["GET"]}}],"collection":[{"href":"https:\/\/www.sudoestehoje.com.br\/novoportal\/wp-json\/wp\/v2\/posts"}],"about":[{"href":"https:\/\/www.sudoestehoje.com.br\/novoportal\/wp-json\/wp\/v2\/types\/post"}],"author":[{"embeddable":true,"href":"https:\/\/www.sudoestehoje.com.br\/novoportal\/wp-json\/wp\/v2\/users\/2"}],"replies":[{"embeddable":true,"href":"https:\/\/www.sudoestehoje.com.br\/novoportal\/wp-json\/wp\/v2\/comments?post=34980"}],"version-history":[{"count":3,"href":"https:\/\/www.sudoestehoje.com.br\/novoportal\/wp-json\/wp\/v2\/posts\/34980\/revisions"}],"predecessor-version":[{"id":34988,"href":"https:\/\/www.sudoestehoje.com.br\/novoportal\/wp-json\/wp\/v2\/posts\/34980\/revisions\/34988"}],"wp:attachment":[{"href":"https:\/\/www.sudoestehoje.com.br\/novoportal\/wp-json\/wp\/v2\/media?parent=34980"}],"wp:term":[{"taxonomy":"category","embeddable":true,"href":"https:\/\/www.sudoestehoje.com.br\/novoportal\/wp-json\/wp\/v2\/categories?post=34980"},{"taxonomy":"post_tag","embeddable":true,"href":"https:\/\/www.sudoestehoje.com.br\/novoportal\/wp-json\/wp\/v2\/tags?post=34980"}],"curies":[{"name":"wp","href":"https:\/\/api.w.org\/{rel}","templated":true}]}}