
{"id":34977,"date":"2014-03-07T21:32:09","date_gmt":"2014-03-08T00:32:09","guid":{"rendered":"http:\/\/www.sudoestehoje.com.br\/novoportal\/?p=34977"},"modified":"2014-03-07T21:32:09","modified_gmt":"2014-03-08T00:32:09","slug":"ano-letivo-na-rede-estadual-comeca-na-proxima-segunda-feira","status":"publish","type":"post","link":"https:\/\/www.sudoestehoje.com.br\/novoportal\/2014\/03\/07\/ano-letivo-na-rede-estadual-comeca-na-proxima-segunda-feira\/","title":{"rendered":"ANO LETIVO NA REDE ESTADUAL COME\u00c7A NA PR\u00d3XIMA SEGUNDA-FEIRA"},"content":{"rendered":"<p><a href=\"http:\/\/www.sudoestehoje.com.br\/novoportal\/wp-content\/uploads\/2014\/03\/alunos.jpg\"><img loading=\"lazy\" decoding=\"async\" class=\"aligncenter size-medium wp-image-34978\" alt=\"alunos\" src=\"http:\/\/www.sudoestehoje.com.br\/novoportal\/wp-content\/uploads\/2014\/03\/alunos-500x250.jpg\" width=\"500\" height=\"250\" srcset=\"https:\/\/www.sudoestehoje.com.br\/novoportal\/wp-content\/uploads\/2014\/03\/alunos-500x250.jpg 500w, https:\/\/www.sudoestehoje.com.br\/novoportal\/wp-content\/uploads\/2014\/03\/alunos.jpg 640w\" sizes=\"auto, (max-width: 500px) 100vw, 500px\" \/><\/a><\/p>\n<p>As aulas para cerca de um milh\u00e3o de estudantes da rede estadual de ensino come\u00e7am na pr\u00f3xima segunda-feira (10). De acordo com a Secretaria da Educa\u00e7\u00e3o do Estado da Bahia, para que sejam cumpridos os 200 dias letivos, descontados os recessos da Copa do Mundo (12 de junho a 13 de julho) e do Natal (20 de dezembro a 4 de janeiro), as aulas ir\u00e3o at\u00e9 dia 26 de janeiro de 2015.<\/p>\n","protected":false},"excerpt":{"rendered":"<p>As aulas para cerca de um milh\u00e3o de estudantes da rede estadual de ensino come\u00e7am na pr\u00f3xima segunda-feira (10). De acordo com a Secretaria da Educa\u00e7\u00e3o do Estado da Bahia, para que sejam cumpridos os 200 dias letivos, descontados os recessos da Copa do Mundo (12 de junho a 13 de julho) e do Natal [&hellip;]<\/p>\n","protected":false},"author":2,"featured_media":0,"comment_status":"open","ping_status":"open","sticky":false,"template":"","format":"standard","meta":{"footnotes":"","_links_to":"","_links_to_target":""},"categories":[1],"tags":[],"class_list":["post-34977","post","type-post","status-publish","format-standard","hentry","category-geral"],"views":1229,"_links":{"self":[{"href":"https:\/\/www.sudoestehoje.com.br\/novoportal\/wp-json\/wp\/v2\/posts\/34977","targetHints":{"allow":["GET"]}}],"collection":[{"href":"https:\/\/www.sudoestehoje.com.br\/novoportal\/wp-json\/wp\/v2\/posts"}],"about":[{"href":"https:\/\/www.sudoestehoje.com.br\/novoportal\/wp-json\/wp\/v2\/types\/post"}],"author":[{"embeddable":true,"href":"https:\/\/www.sudoestehoje.com.br\/novoportal\/wp-json\/wp\/v2\/users\/2"}],"replies":[{"embeddable":true,"href":"https:\/\/www.sudoestehoje.com.br\/novoportal\/wp-json\/wp\/v2\/comments?post=34977"}],"version-history":[{"count":1,"href":"https:\/\/www.sudoestehoje.com.br\/novoportal\/wp-json\/wp\/v2\/posts\/34977\/revisions"}],"predecessor-version":[{"id":34979,"href":"https:\/\/www.sudoestehoje.com.br\/novoportal\/wp-json\/wp\/v2\/posts\/34977\/revisions\/34979"}],"wp:attachment":[{"href":"https:\/\/www.sudoestehoje.com.br\/novoportal\/wp-json\/wp\/v2\/media?parent=34977"}],"wp:term":[{"taxonomy":"category","embeddable":true,"href":"https:\/\/www.sudoestehoje.com.br\/novoportal\/wp-json\/wp\/v2\/categories?post=34977"},{"taxonomy":"post_tag","embeddable":true,"href":"https:\/\/www.sudoestehoje.com.br\/novoportal\/wp-json\/wp\/v2\/tags?post=34977"}],"curies":[{"name":"wp","href":"https:\/\/api.w.org\/{rel}","templated":true}]}}