
{"id":34941,"date":"2014-03-06T09:34:15","date_gmt":"2014-03-06T12:34:15","guid":{"rendered":"http:\/\/www.sudoestehoje.com.br\/novoportal\/?p=34941"},"modified":"2014-03-06T09:34:15","modified_gmt":"2014-03-06T12:34:15","slug":"marcos-gabrielle-diz-que-problema-da-seguranca-e-do-prefeito","status":"publish","type":"post","link":"https:\/\/www.sudoestehoje.com.br\/novoportal\/2014\/03\/06\/marcos-gabrielle-diz-que-problema-da-seguranca-e-do-prefeito\/","title":{"rendered":"MARCOS GABRIELLE DIZ QUE PROBLEMA DA SEGURAN\u00c7A \u00c9 DO PREFEITO"},"content":{"rendered":"<p><a href=\"http:\/\/www.sudoestehoje.com.br\/novoportal\/wp-content\/uploads\/2014\/03\/marcos-Gabriele.jpg\"><img loading=\"lazy\" decoding=\"async\" class=\"aligncenter size-full wp-image-34942\" alt=\"marcos-Gabriele\" src=\"http:\/\/www.sudoestehoje.com.br\/novoportal\/wp-content\/uploads\/2014\/03\/marcos-Gabriele.jpg\" width=\"500\" height=\"413\" \/><\/a><\/p>\n<p>ITAPETINGA: O vereador da bancada governista, Marcos Gabrielle (PT), mostrou sensatez ao dizer, durante sess\u00e3o da C\u00e2mara Municipal, que o problema da seguran\u00e7a no munic\u00edpio \u00e9 de &#8220;compet\u00eancia&#8221; do prefeito Jos\u00e9 Carlos Moura ( PT). Segundo o edil, o prefeito deveria convocar a Pol\u00edcia Militar, Civil, Comutran e Guarda Municipal, para tratar do assunto.<\/p>\n<p>Nos \u00faltimos meses, os \u00edndices de a\u00e7\u00f5es criminosas aumentaram assustadoramente no munic\u00edpio, e diversas ocorr\u00eancias foram levadas ao conhecimento da sociedade, enquanto outras n\u00e3o. Lojas, supermercados, farm\u00e1cias, lot\u00e9ricas, cl\u00ednicas, propriedades rurais e cidad\u00e3os comuns se tornaram presas f\u00e1ceis dos bandidos, que v\u00eam agindo \u00e0 luz do dia, em hor\u00e1rio comercial, no centro e bairros da cidade.<\/p>\n<p>Pelo que se pode perceber, o que incomoda o vereador Marc\u00e3o \u00e9 o permanente estado de &#8216;letargia&#8217; do chefe do executivo, que n\u00e3o chama para si as responsabilidades inerentes do cargo que ocupa, nem d\u00e1 qualquer satisfa\u00e7\u00e3o \u00e0 sociedade, fingindo que o problema n\u00e3o \u00e9 como ele.\u00a0Com informa\u00e7\u00f5es do Tribuna de Itapetinga<\/p>\n","protected":false},"excerpt":{"rendered":"<p>ITAPETINGA: O vereador da bancada governista, Marcos Gabrielle (PT), mostrou sensatez ao dizer, durante sess\u00e3o da C\u00e2mara Municipal, que o problema da seguran\u00e7a no munic\u00edpio \u00e9 de &#8220;compet\u00eancia&#8221; do prefeito Jos\u00e9 Carlos Moura ( PT). Segundo o edil, o prefeito deveria convocar a Pol\u00edcia Militar, Civil, Comutran e Guarda Municipal, para tratar do assunto. Nos [&hellip;]<\/p>\n","protected":false},"author":2,"featured_media":0,"comment_status":"open","ping_status":"open","sticky":false,"template":"","format":"standard","meta":{"footnotes":"","_links_to":"","_links_to_target":""},"categories":[1],"tags":[],"class_list":["post-34941","post","type-post","status-publish","format-standard","hentry","category-geral"],"views":1301,"_links":{"self":[{"href":"https:\/\/www.sudoestehoje.com.br\/novoportal\/wp-json\/wp\/v2\/posts\/34941","targetHints":{"allow":["GET"]}}],"collection":[{"href":"https:\/\/www.sudoestehoje.com.br\/novoportal\/wp-json\/wp\/v2\/posts"}],"about":[{"href":"https:\/\/www.sudoestehoje.com.br\/novoportal\/wp-json\/wp\/v2\/types\/post"}],"author":[{"embeddable":true,"href":"https:\/\/www.sudoestehoje.com.br\/novoportal\/wp-json\/wp\/v2\/users\/2"}],"replies":[{"embeddable":true,"href":"https:\/\/www.sudoestehoje.com.br\/novoportal\/wp-json\/wp\/v2\/comments?post=34941"}],"version-history":[{"count":2,"href":"https:\/\/www.sudoestehoje.com.br\/novoportal\/wp-json\/wp\/v2\/posts\/34941\/revisions"}],"predecessor-version":[{"id":34944,"href":"https:\/\/www.sudoestehoje.com.br\/novoportal\/wp-json\/wp\/v2\/posts\/34941\/revisions\/34944"}],"wp:attachment":[{"href":"https:\/\/www.sudoestehoje.com.br\/novoportal\/wp-json\/wp\/v2\/media?parent=34941"}],"wp:term":[{"taxonomy":"category","embeddable":true,"href":"https:\/\/www.sudoestehoje.com.br\/novoportal\/wp-json\/wp\/v2\/categories?post=34941"},{"taxonomy":"post_tag","embeddable":true,"href":"https:\/\/www.sudoestehoje.com.br\/novoportal\/wp-json\/wp\/v2\/tags?post=34941"}],"curies":[{"name":"wp","href":"https:\/\/api.w.org\/{rel}","templated":true}]}}