
{"id":34936,"date":"2014-03-05T20:28:09","date_gmt":"2014-03-05T23:28:09","guid":{"rendered":"http:\/\/www.sudoestehoje.com.br\/novoportal\/?p=34936"},"modified":"2014-03-05T20:30:53","modified_gmt":"2014-03-05T23:30:53","slug":"no-twitter-lucio-afirma-que-vice-de-rui-costa-sera-joao-leao","status":"publish","type":"post","link":"https:\/\/www.sudoestehoje.com.br\/novoportal\/2014\/03\/05\/no-twitter-lucio-afirma-que-vice-de-rui-costa-sera-joao-leao\/","title":{"rendered":"NO TWITTER, L\u00daCIO AFIRMA QUE VICE DE RUI COSTA SER\u00c1 JO\u00c3O LE\u00c3O"},"content":{"rendered":"<div id=\"attachment_34937\" style=\"width: 410px\" class=\"wp-caption aligncenter\"><a href=\"http:\/\/www.sudoestehoje.com.br\/novoportal\/wp-content\/uploads\/2014\/03\/JO\u00c3O-LE\u00c3O-E-L\u00daCIO.jpg\"><img decoding=\"async\" aria-describedby=\"caption-attachment-34937\" class=\" wp-image-34937 \" alt=\"Jo\u00e3o Le\u00e3o \" src=\"http:\/\/www.sudoestehoje.com.br\/novoportal\/wp-content\/uploads\/2014\/03\/JO\u00c3O-LE\u00c3O-E-L\u00daCIO.jpg\" width=\"400\" \/><\/a><p id=\"caption-attachment-34937\" class=\"wp-caption-text\">O deputado Jo\u00e3o Le\u00e3o \u00e9 amigo de L\u00facio e cacique do PP na Bahia<\/p><\/div>\n<p>Atrav\u00e9s da sua conta na rede social Twitter, o deputado federal e ex-presidente do PMDB na Bahia, L\u00facio Vieira Lima, irm\u00e3o do pr\u00e9-candidato ao governo baiano, Geddel Vieira Lima, afirmou nesta quarta-feira (5) que o seu colega na C\u00e2mara, o deputado federal Jo\u00e3o Le\u00e3o, do PP, ser\u00e1 o escolhido pelo governador Jaques Wagner (PT) para complementar a chapa governista, como candidato \u00e0 vice de Rui Costa.<\/p>\n<p><em>\u201cConfirmado, Jo\u00e3o Le\u00e3o ser\u00e1 o vice na chapa do continu\u00edsmo [sic]\u201c, digitou, ironizando o presidente da Assembl\u00e9ia Legislativa, Marcelo Nilo (PDT), no complemento da mensagem: \u201cMarcelo Nilo dan\u00e7ou!\u201d<\/em>.<\/p>\n<p>A escolha do nome que disputar\u00e1 o cargo de vice-governador na chapa da situa\u00e7\u00e3o \u00e9 t\u00e3o aguardada quanto os nomes que ir\u00e3o compor a chapa da oposi\u00e7\u00e3o. As duas garantiram acabar com o mist\u00e9rio ap\u00f3s o Carnaval. A disputa pela candidatura \u00e0 vice de Rui Costa \u00e9 objeto de desejo do PDT e PP, atrav\u00e9s dos seus l\u00edderes Marcelo Nilo e M\u00e1rio Negromonte, respectivamente.<\/p>\n<p>Cresceu tamb\u00e9m a expectativa de uma mulher disputar o cargo. A deputada federal Alice Portugal (PC do B) foi apontada. A \u00faltima a se destacar nesse p\u00e1reo foi a ex-deputada estadual Eliana Boaventura, atualmente na chefia de gabinete da Secretaria Estadual de Desenvolvimento e Integra\u00e7\u00e3o Regional.<\/p>\n","protected":false},"excerpt":{"rendered":"<p>Atrav\u00e9s da sua conta na rede social Twitter, o deputado federal e ex-presidente do PMDB na Bahia, L\u00facio Vieira Lima, irm\u00e3o do pr\u00e9-candidato ao governo baiano, Geddel Vieira Lima, afirmou nesta quarta-feira (5) que o seu colega na C\u00e2mara, o deputado federal Jo\u00e3o Le\u00e3o, do PP, ser\u00e1 o escolhido pelo governador Jaques Wagner (PT) para [&hellip;]<\/p>\n","protected":false},"author":2,"featured_media":0,"comment_status":"open","ping_status":"open","sticky":false,"template":"","format":"standard","meta":{"footnotes":"","_links_to":"","_links_to_target":""},"categories":[1],"tags":[],"class_list":["post-34936","post","type-post","status-publish","format-standard","hentry","category-geral"],"views":1253,"_links":{"self":[{"href":"https:\/\/www.sudoestehoje.com.br\/novoportal\/wp-json\/wp\/v2\/posts\/34936","targetHints":{"allow":["GET"]}}],"collection":[{"href":"https:\/\/www.sudoestehoje.com.br\/novoportal\/wp-json\/wp\/v2\/posts"}],"about":[{"href":"https:\/\/www.sudoestehoje.com.br\/novoportal\/wp-json\/wp\/v2\/types\/post"}],"author":[{"embeddable":true,"href":"https:\/\/www.sudoestehoje.com.br\/novoportal\/wp-json\/wp\/v2\/users\/2"}],"replies":[{"embeddable":true,"href":"https:\/\/www.sudoestehoje.com.br\/novoportal\/wp-json\/wp\/v2\/comments?post=34936"}],"version-history":[{"count":3,"href":"https:\/\/www.sudoestehoje.com.br\/novoportal\/wp-json\/wp\/v2\/posts\/34936\/revisions"}],"predecessor-version":[{"id":34940,"href":"https:\/\/www.sudoestehoje.com.br\/novoportal\/wp-json\/wp\/v2\/posts\/34936\/revisions\/34940"}],"wp:attachment":[{"href":"https:\/\/www.sudoestehoje.com.br\/novoportal\/wp-json\/wp\/v2\/media?parent=34936"}],"wp:term":[{"taxonomy":"category","embeddable":true,"href":"https:\/\/www.sudoestehoje.com.br\/novoportal\/wp-json\/wp\/v2\/categories?post=34936"},{"taxonomy":"post_tag","embeddable":true,"href":"https:\/\/www.sudoestehoje.com.br\/novoportal\/wp-json\/wp\/v2\/tags?post=34936"}],"curies":[{"name":"wp","href":"https:\/\/api.w.org\/{rel}","templated":true}]}}