
{"id":34932,"date":"2014-03-04T21:10:41","date_gmt":"2014-03-05T00:10:41","guid":{"rendered":"http:\/\/www.sudoestehoje.com.br\/novoportal\/?p=34932"},"modified":"2014-03-04T21:10:41","modified_gmt":"2014-03-05T00:10:41","slug":"adutora-do-catole-entra-em-operacao","status":"publish","type":"post","link":"https:\/\/www.sudoestehoje.com.br\/novoportal\/2014\/03\/04\/adutora-do-catole-entra-em-operacao\/","title":{"rendered":"ADUTORA DO CATOL\u00c9 ENTRA EM OPERA\u00c7\u00c3O"},"content":{"rendered":"<p style=\"text-align: center;\"><a href=\"http:\/\/www.sudoestehoje.com.br\/novoportal\/wp-content\/uploads\/2014\/03\/adutora-catol\u00e9.jpg\"><img decoding=\"async\" class=\"aligncenter  wp-image-34933\" alt=\"adutora catol\u00e9\" src=\"http:\/\/www.sudoestehoje.com.br\/novoportal\/wp-content\/uploads\/2014\/03\/adutora-catol\u00e9.jpg\" width=\"450\" \/><\/a><\/p>\n<p>VIT\u00d3RIA DA CONQUISTA: Desde a semana passada come\u00e7ou a funcionar de forma definitiva a adutora do Rio Catol\u00e9, localizada no munic\u00edpio de Barra do Cho\u00e7a.<\/p>\n<p>A iniciativa faz a transposi\u00e7\u00e3o das \u00e1guas para as barragens de \u00c1gua Fria I e II com o objetivo de suprir a grande demanda de \u00e1gua em Vit\u00f3ria da Conquista. A popula\u00e7\u00e3o da capital do Sudoeste passa por um per\u00edodo de racionamento que se alastra h\u00e1 mais de 3 anos.<\/p>\n<p>A primeira elevat\u00f3ria, no pr\u00f3prio rio, conta com seis bombas que conduzem a \u00e1gua para uma pr\u00f3xima, mais alta, e, da\u00ed para mais duas em terrenos mais altos. Cada elevat\u00f3ria possui bombas para impulsionar a \u00e1gua para a subsequente. Depois disso, a \u00e1gua \u00e9 levada para a barragem para a Barragem de \u00c1gua Fria, por gravidade.<\/p>\n<p>O gerente do escrit\u00f3rio da Embasa de Conquista, \u00c1lvaro Aguiar,\u00a0\u00a0explica que essa adutora ainda n\u00e3o aumentar\u00e1 a capacidade de produ\u00e7\u00e3o. \u00a0\u201cEsse sistema de \u00e1gua que n\u00f3s vamos come\u00e7ar a usar vai suprir o d\u00e9ficit que n\u00f3s temos. \u00c9 um sistema emergencial, o que n\u00f3s chamamos de fio d\u2019\u00e1gua\u201d, informa. Blog do Rodrigo Ferraz<\/p>\n","protected":false},"excerpt":{"rendered":"<p>VIT\u00d3RIA DA CONQUISTA: Desde a semana passada come\u00e7ou a funcionar de forma definitiva a adutora do Rio Catol\u00e9, localizada no munic\u00edpio de Barra do Cho\u00e7a. A iniciativa faz a transposi\u00e7\u00e3o das \u00e1guas para as barragens de \u00c1gua Fria I e II com o objetivo de suprir a grande demanda de \u00e1gua em Vit\u00f3ria da Conquista. [&hellip;]<\/p>\n","protected":false},"author":2,"featured_media":0,"comment_status":"open","ping_status":"open","sticky":false,"template":"","format":"standard","meta":{"footnotes":"","_links_to":"","_links_to_target":""},"categories":[1],"tags":[],"class_list":["post-34932","post","type-post","status-publish","format-standard","hentry","category-geral"],"views":1169,"_links":{"self":[{"href":"https:\/\/www.sudoestehoje.com.br\/novoportal\/wp-json\/wp\/v2\/posts\/34932","targetHints":{"allow":["GET"]}}],"collection":[{"href":"https:\/\/www.sudoestehoje.com.br\/novoportal\/wp-json\/wp\/v2\/posts"}],"about":[{"href":"https:\/\/www.sudoestehoje.com.br\/novoportal\/wp-json\/wp\/v2\/types\/post"}],"author":[{"embeddable":true,"href":"https:\/\/www.sudoestehoje.com.br\/novoportal\/wp-json\/wp\/v2\/users\/2"}],"replies":[{"embeddable":true,"href":"https:\/\/www.sudoestehoje.com.br\/novoportal\/wp-json\/wp\/v2\/comments?post=34932"}],"version-history":[{"count":1,"href":"https:\/\/www.sudoestehoje.com.br\/novoportal\/wp-json\/wp\/v2\/posts\/34932\/revisions"}],"predecessor-version":[{"id":34934,"href":"https:\/\/www.sudoestehoje.com.br\/novoportal\/wp-json\/wp\/v2\/posts\/34932\/revisions\/34934"}],"wp:attachment":[{"href":"https:\/\/www.sudoestehoje.com.br\/novoportal\/wp-json\/wp\/v2\/media?parent=34932"}],"wp:term":[{"taxonomy":"category","embeddable":true,"href":"https:\/\/www.sudoestehoje.com.br\/novoportal\/wp-json\/wp\/v2\/categories?post=34932"},{"taxonomy":"post_tag","embeddable":true,"href":"https:\/\/www.sudoestehoje.com.br\/novoportal\/wp-json\/wp\/v2\/tags?post=34932"}],"curies":[{"name":"wp","href":"https:\/\/api.w.org\/{rel}","templated":true}]}}